{"id":1788,"date":"2021-10-21T19:19:10","date_gmt":"2021-10-21T17:19:10","guid":{"rendered":"https:\/\/vii-lo.krakow.pl\/?p=1788"},"modified":"2021-11-05T23:35:16","modified_gmt":"2021-11-05T22:35:16","slug":"krakowski-dzien-samorzadu-uczniowskiego","status":"publish","type":"post","link":"https:\/\/vii-lo.krakow.pl\/?p=1788","title":{"rendered":"Krakowski Dzie\u0144 Samorz\u0105du Uczniowskiego"},"content":{"rendered":"<p>20 pa\u017adziernika 2021 r. miejsce mia\u0142 Krakowski Dzie\u0144 Samorz\u0105du Uczniowskiego organizowany przez Urz\u0105d Miasta Krakowa. Trzy uczennice z Si\u00f3demki &#8211; pod opiek\u0105 Pani Profesor Magdaleny Bator &#8211; mia\u0142y mo\u017cliwo\u015b\u0107 wzi\u0105\u0107 w nim udzia\u0142. Najpierw odby\u0142 si\u0119 wyk\u0142ad w auli Wydzia\u0142u Studi\u00f3w Mi\u0119dzynarodowych i Politycznych Uniwersytetu Jagiello\u0144skiego, gdzie mo\u017cna by\u0142o pos\u0142ucha\u0107 o tym, jak zdoby\u0107 fundusze na dzia\u0142ania samorz\u0105dowe. By\u0142a to bardzo cenna lekcja, kt\u00f3ra z pewno\u015bci\u0105 przyda si\u0119 ju\u017c w niedalekiej przysz\u0142o\u015bci.<\/p>\n<p><!--more--><\/p>\n<p>Zako\u0144czenie Dnia Samorz\u0105du stanowi\u0142a gra terenowa w Parku Jordana. Zadania artystyczne, \u0142amig\u0142\u00f3wki i zabawy typu kalambury by\u0142y anga\u017cuj\u0105ce w ciekawy spos\u00f3b i wymaga\u0142y &#8211; jak\u017ce potrzebnej w samorz\u0105dzie &#8211; wsp\u00f3\u0142pracy. Dla wszystkich uczestnik\u00f3w, a tak\u017ce opiekun\u00f3w, zosta\u0142 przewidziany pocz\u0119stunek w postaci burger\u00f3w. Udzia\u0142 w Krakowskim Dniu Samorz\u0105du Uczniowskiego by\u0142 z pewno\u015bci\u0105 poszerzaj\u0105cym horyzonty oraz inspiruj\u0105cym do\u015bwiadczeniem, kt\u00f3re przynios\u0142o nam wiele rado\u015bci.<\/p>\n<p style=\"text-align: right;\">MB<\/p>\n","protected":false},"excerpt":{"rendered":"<p>20 pa\u017adziernika 2021 r. miejsce mia\u0142 Krakowski Dzie\u0144 Samorz\u0105du Uczniowskiego organizowany przez Urz\u0105d Miasta Krakowa. Trzy uczennice z Si\u00f3demki &#8211; pod opiek\u0105 Pani Profesor Magdaleny&hellip;<\/p>\n","protected":false},"author":3,"featured_media":1791,"comment_status":"closed","ping_status":"closed","sticky":false,"template":"","format":"standard","meta":{"spay_email":""},"categories":[4,5],"tags":[],"jetpack_featured_media_url":"https:\/\/vii-lo.krakow.pl\/wp-content\/uploads\/2021\/10\/2021.10-Krakowski-Dzien-Samorzadu-Uczniowskiego.jpg","_links":{"self":[{"href":"https:\/\/vii-lo.krakow.pl\/index.php?rest_route=\/wp\/v2\/posts\/1788"}],"collection":[{"href":"https:\/\/vii-lo.krakow.pl\/index.php?rest_route=\/wp\/v2\/posts"}],"about":[{"href":"https:\/\/vii-lo.krakow.pl\/index.php?rest_route=\/wp\/v2\/types\/post"}],"author":[{"embeddable":true,"href":"https:\/\/vii-lo.krakow.pl\/index.php?rest_route=\/wp\/v2\/users\/3"}],"replies":[{"embeddable":true,"href":"https:\/\/vii-lo.krakow.pl\/index.php?rest_route=%2Fwp%2Fv2%2Fcomments&post=1788"}],"version-history":[{"count":2,"href":"https:\/\/vii-lo.krakow.pl\/index.php?rest_route=\/wp\/v2\/posts\/1788\/revisions"}],"predecessor-version":[{"id":1790,"href":"https:\/\/vii-lo.krakow.pl\/index.php?rest_route=\/wp\/v2\/posts\/1788\/revisions\/1790"}],"wp:featuredmedia":[{"embeddable":true,"href":"https:\/\/vii-lo.krakow.pl\/index.php?rest_route=\/wp\/v2\/media\/1791"}],"wp:attachment":[{"href":"https:\/\/vii-lo.krakow.pl\/index.php?rest_route=%2Fwp%2Fv2%2Fmedia&parent=1788"}],"wp:term":[{"taxonomy":"category","embeddable":true,"href":"https:\/\/vii-lo.krakow.pl\/index.php?rest_route=%2Fwp%2Fv2%2Fcategories&post=1788"},{"taxonomy":"post_tag","embeddable":true,"href":"https:\/\/vii-lo.krakow.pl\/index.php?rest_route=%2Fwp%2Fv2%2Ftags&post=1788"}],"curies":[{"name":"wp","href":"https:\/\/api.w.org\/{rel}","templated":true}]}}