{"id":5234,"date":"2025-02-26T11:26:41","date_gmt":"2025-02-26T10:26:41","guid":{"rendered":"https:\/\/vii-lo.krakow.pl\/?p=5234"},"modified":"2025-02-26T11:26:45","modified_gmt":"2025-02-26T10:26:45","slug":"sukces-uczniow-vii-lo-w-xxvii-ogolnopolskim-konkursie-krasomowczym-im-wojciecha-korfantego","status":"publish","type":"post","link":"https:\/\/vii-lo.krakow.pl\/?p=5234","title":{"rendered":"Sukces uczni\u00f3w VII LO w XXVII Og\u00f3lnopolskim Konkursie Krasom\u00f3wczym im. Wojciecha Korfantego"},"content":{"rendered":"\n<div class=\"wp-block-columns\">\n<div class=\"wp-block-column\" style=\"flex-basis:33.33%\">\n<div class=\"wp-block-jetpack-slideshow aligncenter\" data-effect=\"slide\"><div class=\"wp-block-jetpack-slideshow_container swiper-container\"><ul class=\"wp-block-jetpack-slideshow_swiper-wrapper swiper-wrapper\"><li class=\"wp-block-jetpack-slideshow_slide swiper-slide\"><figure><img loading=\"lazy\" width=\"768\" height=\"1024\" alt=\"\" class=\"wp-block-jetpack-slideshow_image wp-image-5235\" data-id=\"5235\" src=\"https:\/\/vii-lo.krakow.pl\/wp-content\/uploads\/2025\/02\/Image.jpg\" srcset=\"https:\/\/vii-lo.krakow.pl\/wp-content\/uploads\/2025\/02\/Image.jpg 768w, https:\/\/vii-lo.krakow.pl\/wp-content\/uploads\/2025\/02\/Image-225x300.jpg 225w\" sizes=\"(max-width: 768px) 100vw, 768px\" \/><\/figure><\/li><li class=\"wp-block-jetpack-slideshow_slide swiper-slide\"><figure><img loading=\"lazy\" width=\"768\" height=\"1024\" alt=\"\" class=\"wp-block-jetpack-slideshow_image wp-image-5236\" data-id=\"5236\" src=\"https:\/\/vii-lo.krakow.pl\/wp-content\/uploads\/2025\/02\/shared-image36-768x1024.jpg\" srcset=\"https:\/\/vii-lo.krakow.pl\/wp-content\/uploads\/2025\/02\/shared-image36-768x1024.jpg 768w, https:\/\/vii-lo.krakow.pl\/wp-content\/uploads\/2025\/02\/shared-image36-225x300.jpg 225w, https:\/\/vii-lo.krakow.pl\/wp-content\/uploads\/2025\/02\/shared-image36-1152x1536.jpg 1152w, https:\/\/vii-lo.krakow.pl\/wp-content\/uploads\/2025\/02\/shared-image36-1536x2048.jpg 1536w, https:\/\/vii-lo.krakow.pl\/wp-content\/uploads\/2025\/02\/shared-image36.jpg 1734w\" sizes=\"(max-width: 768px) 100vw, 768px\" \/><\/figure><\/li><li class=\"wp-block-jetpack-slideshow_slide swiper-slide\"><figure><img loading=\"lazy\" width=\"768\" height=\"1024\" alt=\"\" class=\"wp-block-jetpack-slideshow_image wp-image-5237\" data-id=\"5237\" src=\"https:\/\/vii-lo.krakow.pl\/wp-content\/uploads\/2025\/02\/shared-image35-768x1024.jpg\" srcset=\"https:\/\/vii-lo.krakow.pl\/wp-content\/uploads\/2025\/02\/shared-image35-768x1024.jpg 768w, https:\/\/vii-lo.krakow.pl\/wp-content\/uploads\/2025\/02\/shared-image35-225x300.jpg 225w, https:\/\/vii-lo.krakow.pl\/wp-content\/uploads\/2025\/02\/shared-image35-1152x1536.jpg 1152w, https:\/\/vii-lo.krakow.pl\/wp-content\/uploads\/2025\/02\/shared-image35-1536x2048.jpg 1536w, https:\/\/vii-lo.krakow.pl\/wp-content\/uploads\/2025\/02\/shared-image35.jpg 1734w\" sizes=\"(max-width: 768px) 100vw, 768px\" \/><\/figure><\/li><li class=\"wp-block-jetpack-slideshow_slide swiper-slide\"><figure><img loading=\"lazy\" width=\"768\" height=\"1024\" alt=\"\" class=\"wp-block-jetpack-slideshow_image wp-image-5238\" data-id=\"5238\" src=\"https:\/\/vii-lo.krakow.pl\/wp-content\/uploads\/2025\/02\/shared-image34-768x1024.jpg\" srcset=\"https:\/\/vii-lo.krakow.pl\/wp-content\/uploads\/2025\/02\/shared-image34-768x1024.jpg 768w, https:\/\/vii-lo.krakow.pl\/wp-content\/uploads\/2025\/02\/shared-image34-225x300.jpg 225w, https:\/\/vii-lo.krakow.pl\/wp-content\/uploads\/2025\/02\/shared-image34-1152x1536.jpg 1152w, https:\/\/vii-lo.krakow.pl\/wp-content\/uploads\/2025\/02\/shared-image34-1536x2048.jpg 1536w, https:\/\/vii-lo.krakow.pl\/wp-content\/uploads\/2025\/02\/shared-image34.jpg 1734w\" sizes=\"(max-width: 768px) 100vw, 768px\" \/><\/figure><\/li><li class=\"wp-block-jetpack-slideshow_slide swiper-slide\"><figure><img loading=\"lazy\" width=\"768\" height=\"1024\" alt=\"\" class=\"wp-block-jetpack-slideshow_image wp-image-5239\" data-id=\"5239\" src=\"https:\/\/vii-lo.krakow.pl\/wp-content\/uploads\/2025\/02\/shared-image33-768x1024.jpg\" srcset=\"https:\/\/vii-lo.krakow.pl\/wp-content\/uploads\/2025\/02\/shared-image33-768x1024.jpg 768w, https:\/\/vii-lo.krakow.pl\/wp-content\/uploads\/2025\/02\/shared-image33-225x300.jpg 225w, https:\/\/vii-lo.krakow.pl\/wp-content\/uploads\/2025\/02\/shared-image33-1152x1536.jpg 1152w, https:\/\/vii-lo.krakow.pl\/wp-content\/uploads\/2025\/02\/shared-image33-1536x2048.jpg 1536w, https:\/\/vii-lo.krakow.pl\/wp-content\/uploads\/2025\/02\/shared-image33.jpg 1734w\" sizes=\"(max-width: 768px) 100vw, 768px\" \/><\/figure><\/li><li class=\"wp-block-jetpack-slideshow_slide swiper-slide\"><figure><img loading=\"lazy\" width=\"1024\" height=\"768\" alt=\"\" class=\"wp-block-jetpack-slideshow_image wp-image-5240\" data-id=\"5240\" src=\"https:\/\/vii-lo.krakow.pl\/wp-content\/uploads\/2025\/02\/shared-image32-1024x768.jpg\" srcset=\"https:\/\/vii-lo.krakow.pl\/wp-content\/uploads\/2025\/02\/shared-image32-1024x768.jpg 1024w, https:\/\/vii-lo.krakow.pl\/wp-content\/uploads\/2025\/02\/shared-image32-300x225.jpg 300w, https:\/\/vii-lo.krakow.pl\/wp-content\/uploads\/2025\/02\/shared-image32-768x576.jpg 768w, https:\/\/vii-lo.krakow.pl\/wp-content\/uploads\/2025\/02\/shared-image32-1536x1152.jpg 1536w, https:\/\/vii-lo.krakow.pl\/wp-content\/uploads\/2025\/02\/shared-image32-2048x1536.jpg 2048w\" sizes=\"(max-width: 1024px) 100vw, 1024px\" \/><\/figure><\/li><li class=\"wp-block-jetpack-slideshow_slide swiper-slide\"><figure><img loading=\"lazy\" width=\"768\" height=\"1024\" alt=\"\" class=\"wp-block-jetpack-slideshow_image wp-image-5241\" data-id=\"5241\" src=\"https:\/\/vii-lo.krakow.pl\/wp-content\/uploads\/2025\/02\/shared-image31-768x1024.jpg\" srcset=\"https:\/\/vii-lo.krakow.pl\/wp-content\/uploads\/2025\/02\/shared-image31-768x1024.jpg 768w, https:\/\/vii-lo.krakow.pl\/wp-content\/uploads\/2025\/02\/shared-image31-225x300.jpg 225w, https:\/\/vii-lo.krakow.pl\/wp-content\/uploads\/2025\/02\/shared-image31-1152x1536.jpg 1152w, https:\/\/vii-lo.krakow.pl\/wp-content\/uploads\/2025\/02\/shared-image31-1536x2048.jpg 1536w, https:\/\/vii-lo.krakow.pl\/wp-content\/uploads\/2025\/02\/shared-image31.jpg 1734w\" sizes=\"(max-width: 768px) 100vw, 768px\" \/><\/figure><\/li><li class=\"wp-block-jetpack-slideshow_slide swiper-slide\"><figure><img loading=\"lazy\" width=\"1024\" height=\"768\" alt=\"\" class=\"wp-block-jetpack-slideshow_image wp-image-5242\" data-id=\"5242\" src=\"https:\/\/vii-lo.krakow.pl\/wp-content\/uploads\/2025\/02\/shared-image30-1024x768.jpg\" srcset=\"https:\/\/vii-lo.krakow.pl\/wp-content\/uploads\/2025\/02\/shared-image30-1024x768.jpg 1024w, https:\/\/vii-lo.krakow.pl\/wp-content\/uploads\/2025\/02\/shared-image30-300x225.jpg 300w, https:\/\/vii-lo.krakow.pl\/wp-content\/uploads\/2025\/02\/shared-image30-768x576.jpg 768w, https:\/\/vii-lo.krakow.pl\/wp-content\/uploads\/2025\/02\/shared-image30-1536x1152.jpg 1536w, https:\/\/vii-lo.krakow.pl\/wp-content\/uploads\/2025\/02\/shared-image30-2048x1536.jpg 2048w\" sizes=\"(max-width: 1024px) 100vw, 1024px\" \/><\/figure><\/li><li class=\"wp-block-jetpack-slideshow_slide swiper-slide\"><figure><img loading=\"lazy\" width=\"768\" height=\"1024\" alt=\"\" class=\"wp-block-jetpack-slideshow_image wp-image-5243\" data-id=\"5243\" src=\"https:\/\/vii-lo.krakow.pl\/wp-content\/uploads\/2025\/02\/shared-image29-768x1024.jpg\" srcset=\"https:\/\/vii-lo.krakow.pl\/wp-content\/uploads\/2025\/02\/shared-image29-768x1024.jpg 768w, https:\/\/vii-lo.krakow.pl\/wp-content\/uploads\/2025\/02\/shared-image29-225x300.jpg 225w, https:\/\/vii-lo.krakow.pl\/wp-content\/uploads\/2025\/02\/shared-image29-1152x1536.jpg 1152w, https:\/\/vii-lo.krakow.pl\/wp-content\/uploads\/2025\/02\/shared-image29-1536x2048.jpg 1536w, https:\/\/vii-lo.krakow.pl\/wp-content\/uploads\/2025\/02\/shared-image29.jpg 1734w\" sizes=\"(max-width: 768px) 100vw, 768px\" \/><\/figure><\/li><\/ul><a class=\"wp-block-jetpack-slideshow_button-prev swiper-button-prev swiper-button-white\" role=\"button\"><\/a><a class=\"wp-block-jetpack-slideshow_button-next swiper-button-next swiper-button-white\" role=\"button\"><\/a><a aria-label=\"Pause Slideshow\" class=\"wp-block-jetpack-slideshow_button-pause\" role=\"button\"><\/a><div class=\"wp-block-jetpack-slideshow_pagination swiper-pagination swiper-pagination-white\"><\/div><\/div><\/div>\n<\/div>\n\n\n\n<div class=\"wp-block-column\" style=\"flex-basis:66.66%\">\n<p>24 lutego 2025 r. na Wydziale Polonistyki Uniwersytetu Jagiello\u0144skiego odby\u0142y si\u0119 krakowskie eliminacje regionalne XXVII Og\u00f3lnopolskiego Konkursu Krasom\u00f3wczego im. Wojciecha Korfantego. W tym presti\u017cowym wydarzeniu wzi\u0119\u0142o udzia\u0142 24 najlepszych m\u00f3wc\u00f3w z ca\u0142ej Ma\u0142opolski.<\/p>\n\n\n\n<p>Nasz\u0105 szko\u0142\u0119 reprezentowa\u0142o pi\u0119cioro uczni\u00f3w: <strong>Patryk Stabry\u0142a-Tatko<\/strong> (1c), <strong>Stanis\u0142aw Pasteczka<\/strong> (2b), <strong>Wojciech Pe\u0142ka&nbsp;<\/strong>(2c), <strong>Wojciech Kwa\u015bniak<\/strong> (3d), <strong>Konstanty Lis<\/strong> (3d).<\/p>\n\n\n\n<p>Wszyscy nasi reprezentanci zaprezentowali si\u0119 znakomicie, wykazuj\u0105c si\u0119 nie tylko doskona\u0142ym przygotowaniem, ale tak\u017ce profesjonalizmem i bieg\u0142o\u015bci\u0105 w sztuce krasom\u00f3wstwa.<\/p>\n\n\n\n<p>Najwi\u0119kszy sukces odni\u00f3s\u0142 <strong>Wojciech Kwa\u015bniak&nbsp;<\/strong>z klasy 3d przygotowany przez pana prof. Kacpra Szewczyka, kt\u00f3ry <strong>wygra\u0142 eliminacje regionalne i zdoby\u0142 pierwsze miejsce w konkursie<\/strong>! Tym samym zapewni\u0142 sobie miejsce w <strong>wielkim finale<\/strong>, kt\u00f3ry odb\u0119dzie si\u0119 21 marca w Katowicach. To ogromne wyr\u00f3\u017cnienie zar\u00f3wno dla Wojciecha, jak i dla naszej szko\u0142y!<\/p>\n\n\n\n<p>Serdecznie gratulujemy wszystkim uczestnikom i trzymamy kciuki za fina\u0142owe wyst\u0105pienie Wojciecha Kwa\u015bniaka!<\/p>\n<\/div>\n<\/div>\n","protected":false},"excerpt":{"rendered":"<p>24 lutego 2025 r. na Wydziale Polonistyki Uniwersytetu Jagiello\u0144skiego odby\u0142y si\u0119 krakowskie eliminacje regionalne XXVII Og\u00f3lnopolskiego Konkursu Krasom\u00f3wczego im. Wojciecha Korfantego. W tym presti\u017cowym wydarzeniu&hellip;<\/p>\n","protected":false},"author":10,"featured_media":0,"comment_status":"closed","ping_status":"closed","sticky":false,"template":"","format":"standard","meta":{"spay_email":""},"categories":[4],"tags":[],"jetpack_featured_media_url":"","_links":{"self":[{"href":"https:\/\/vii-lo.krakow.pl\/index.php?rest_route=\/wp\/v2\/posts\/5234"}],"collection":[{"href":"https:\/\/vii-lo.krakow.pl\/index.php?rest_route=\/wp\/v2\/posts"}],"about":[{"href":"https:\/\/vii-lo.krakow.pl\/index.php?rest_route=\/wp\/v2\/types\/post"}],"author":[{"embeddable":true,"href":"https:\/\/vii-lo.krakow.pl\/index.php?rest_route=\/wp\/v2\/users\/10"}],"replies":[{"embeddable":true,"href":"https:\/\/vii-lo.krakow.pl\/index.php?rest_route=%2Fwp%2Fv2%2Fcomments&post=5234"}],"version-history":[{"count":1,"href":"https:\/\/vii-lo.krakow.pl\/index.php?rest_route=\/wp\/v2\/posts\/5234\/revisions"}],"predecessor-version":[{"id":5244,"href":"https:\/\/vii-lo.krakow.pl\/index.php?rest_route=\/wp\/v2\/posts\/5234\/revisions\/5244"}],"wp:attachment":[{"href":"https:\/\/vii-lo.krakow.pl\/index.php?rest_route=%2Fwp%2Fv2%2Fmedia&parent=5234"}],"wp:term":[{"taxonomy":"category","embeddable":true,"href":"https:\/\/vii-lo.krakow.pl\/index.php?rest_route=%2Fwp%2Fv2%2Fcategories&post=5234"},{"taxonomy":"post_tag","embeddable":true,"href":"https:\/\/vii-lo.krakow.pl\/index.php?rest_route=%2Fwp%2Fv2%2Ftags&post=5234"}],"curies":[{"name":"wp","href":"https:\/\/api.w.org\/{rel}","templated":true}]}}