{"id":5515,"date":"2025-04-09T12:59:58","date_gmt":"2025-04-09T10:59:58","guid":{"rendered":"https:\/\/vii-lo.krakow.pl\/?p=5515"},"modified":"2025-04-09T12:59:58","modified_gmt":"2025-04-09T10:59:58","slug":"zebrania-z-rodzicami-10-kwietnia-2025-r","status":"publish","type":"post","link":"https:\/\/vii-lo.krakow.pl\/?p=5515","title":{"rendered":"Zebrania z rodzicami 10 kwietnia 2025 r."},"content":{"rendered":"<p>Szanowni Pa\u0144stwo!<\/p>\n<p>Zapraszamy wszystkich rodzic\u00f3w i opiekun\u00f3w na zebrania, kt\u00f3re odb\u0119d\u0105 si\u0119 w czwartek 10 kwietnia 2025 r. wed\u0142ug nast\u0119puj\u0105cego planu:<\/p>\n<p><strong>17:30 \u2013<\/strong>\u00a0<strong>klasy II i III\u00a0<\/strong><\/p>\n<p><strong>18:30 \u2013 klasy I i IV\u00a0<\/strong><\/p>\n<p>Szczeg\u00f3\u0142owy harmonogram wywieszony b\u0119dzie w dniu zebrania w holu szko\u0142y.<\/p>\n","protected":false},"excerpt":{"rendered":"<p>Szanowni Pa\u0144stwo! Zapraszamy wszystkich rodzic\u00f3w i opiekun\u00f3w na zebrania, kt\u00f3re odb\u0119d\u0105 si\u0119 w czwartek 10 kwietnia 2025 r. wed\u0142ug nast\u0119puj\u0105cego planu: 17:30 \u2013\u00a0klasy II i&hellip;<\/p>\n","protected":false},"author":6,"featured_media":0,"comment_status":"closed","ping_status":"closed","sticky":false,"template":"","format":"standard","meta":{"spay_email":""},"categories":[4],"tags":[],"jetpack_featured_media_url":"","_links":{"self":[{"href":"https:\/\/vii-lo.krakow.pl\/index.php?rest_route=\/wp\/v2\/posts\/5515"}],"collection":[{"href":"https:\/\/vii-lo.krakow.pl\/index.php?rest_route=\/wp\/v2\/posts"}],"about":[{"href":"https:\/\/vii-lo.krakow.pl\/index.php?rest_route=\/wp\/v2\/types\/post"}],"author":[{"embeddable":true,"href":"https:\/\/vii-lo.krakow.pl\/index.php?rest_route=\/wp\/v2\/users\/6"}],"replies":[{"embeddable":true,"href":"https:\/\/vii-lo.krakow.pl\/index.php?rest_route=%2Fwp%2Fv2%2Fcomments&post=5515"}],"version-history":[{"count":1,"href":"https:\/\/vii-lo.krakow.pl\/index.php?rest_route=\/wp\/v2\/posts\/5515\/revisions"}],"predecessor-version":[{"id":5516,"href":"https:\/\/vii-lo.krakow.pl\/index.php?rest_route=\/wp\/v2\/posts\/5515\/revisions\/5516"}],"wp:attachment":[{"href":"https:\/\/vii-lo.krakow.pl\/index.php?rest_route=%2Fwp%2Fv2%2Fmedia&parent=5515"}],"wp:term":[{"taxonomy":"category","embeddable":true,"href":"https:\/\/vii-lo.krakow.pl\/index.php?rest_route=%2Fwp%2Fv2%2Fcategories&post=5515"},{"taxonomy":"post_tag","embeddable":true,"href":"https:\/\/vii-lo.krakow.pl\/index.php?rest_route=%2Fwp%2Fv2%2Ftags&post=5515"}],"curies":[{"name":"wp","href":"https:\/\/api.w.org\/{rel}","templated":true}]}}