{"id":5810,"date":"2025-06-23T13:03:29","date_gmt":"2025-06-23T11:03:29","guid":{"rendered":"https:\/\/vii-lo.krakow.pl\/?p=5810"},"modified":"2025-06-23T13:03:32","modified_gmt":"2025-06-23T11:03:32","slug":"laureaci-ogolnopolskiej-olimpiady-wiedzy-chemicznej-z-wydzialem-chemii-uniwersytetu-jagiellonskiego","status":"publish","type":"post","link":"https:\/\/vii-lo.krakow.pl\/?p=5810","title":{"rendered":"Laureaci Og\u00f3lnopolskiej Olimpiady Wiedzy Chemicznej z Wydzia\u0142em Chemii Uniwersytetu Jagiello\u0144skiego"},"content":{"rendered":"\n<div class=\"wp-block-columns\">\n<div class=\"wp-block-column\" style=\"flex-basis:33.33%\">\n<div class=\"wp-block-jetpack-slideshow aligncenter\" data-effect=\"slide\"><div class=\"wp-block-jetpack-slideshow_container swiper-container\"><ul class=\"wp-block-jetpack-slideshow_swiper-wrapper swiper-wrapper\"><li class=\"wp-block-jetpack-slideshow_slide swiper-slide\"><figure><img loading=\"lazy\" width=\"1024\" height=\"768\" alt=\"\" class=\"wp-block-jetpack-slideshow_image wp-image-5813\" data-id=\"5813\" src=\"https:\/\/vii-lo.krakow.pl\/wp-content\/uploads\/2025\/06\/shared-image65-1024x768.jpg\" srcset=\"https:\/\/vii-lo.krakow.pl\/wp-content\/uploads\/2025\/06\/shared-image65-1024x768.jpg 1024w, https:\/\/vii-lo.krakow.pl\/wp-content\/uploads\/2025\/06\/shared-image65-300x225.jpg 300w, https:\/\/vii-lo.krakow.pl\/wp-content\/uploads\/2025\/06\/shared-image65-768x576.jpg 768w, https:\/\/vii-lo.krakow.pl\/wp-content\/uploads\/2025\/06\/shared-image65-1536x1152.jpg 1536w, https:\/\/vii-lo.krakow.pl\/wp-content\/uploads\/2025\/06\/shared-image65.jpg 1635w\" sizes=\"(max-width: 1024px) 100vw, 1024px\" \/><\/figure><\/li><li class=\"wp-block-jetpack-slideshow_slide swiper-slide\"><figure><img loading=\"lazy\" width=\"1024\" height=\"768\" alt=\"\" class=\"wp-block-jetpack-slideshow_image wp-image-5811\" data-id=\"5811\" src=\"https:\/\/vii-lo.krakow.pl\/wp-content\/uploads\/2025\/06\/shared-image67-1024x768.jpg\" srcset=\"https:\/\/vii-lo.krakow.pl\/wp-content\/uploads\/2025\/06\/shared-image67-1024x768.jpg 1024w, https:\/\/vii-lo.krakow.pl\/wp-content\/uploads\/2025\/06\/shared-image67-300x225.jpg 300w, https:\/\/vii-lo.krakow.pl\/wp-content\/uploads\/2025\/06\/shared-image67-768x576.jpg 768w, https:\/\/vii-lo.krakow.pl\/wp-content\/uploads\/2025\/06\/shared-image67-1536x1152.jpg 1536w, https:\/\/vii-lo.krakow.pl\/wp-content\/uploads\/2025\/06\/shared-image67.jpg 1756w\" sizes=\"(max-width: 1024px) 100vw, 1024px\" \/><\/figure><\/li><li class=\"wp-block-jetpack-slideshow_slide swiper-slide\"><figure><img loading=\"lazy\" width=\"1024\" height=\"768\" alt=\"\" class=\"wp-block-jetpack-slideshow_image wp-image-5812\" data-id=\"5812\" src=\"https:\/\/vii-lo.krakow.pl\/wp-content\/uploads\/2025\/06\/shared-image66-1024x768.jpg\" srcset=\"https:\/\/vii-lo.krakow.pl\/wp-content\/uploads\/2025\/06\/shared-image66-1024x768.jpg 1024w, https:\/\/vii-lo.krakow.pl\/wp-content\/uploads\/2025\/06\/shared-image66-300x225.jpg 300w, https:\/\/vii-lo.krakow.pl\/wp-content\/uploads\/2025\/06\/shared-image66-768x576.jpg 768w, https:\/\/vii-lo.krakow.pl\/wp-content\/uploads\/2025\/06\/shared-image66-1536x1152.jpg 1536w, https:\/\/vii-lo.krakow.pl\/wp-content\/uploads\/2025\/06\/shared-image66-2048x1536.jpg 2048w\" sizes=\"(max-width: 1024px) 100vw, 1024px\" \/><\/figure><\/li><\/ul><a class=\"wp-block-jetpack-slideshow_button-prev swiper-button-prev swiper-button-white\" role=\"button\"><\/a><a class=\"wp-block-jetpack-slideshow_button-next swiper-button-next swiper-button-white\" role=\"button\"><\/a><a aria-label=\"Pause Slideshow\" class=\"wp-block-jetpack-slideshow_button-pause\" role=\"button\"><\/a><div class=\"wp-block-jetpack-slideshow_pagination swiper-pagination swiper-pagination-white\"><\/div><\/div><\/div>\n<\/div>\n\n\n\n<div class=\"wp-block-column\" style=\"flex-basis:66.66%\">\n<p>Mi\u0142o nam poinformowa\u0107, \u017ce <strong>Amelia Pawelec<\/strong>, uczennica klasy <strong>4g <\/strong>oraz <strong>Kacper Jurkowski, <\/strong>ucze\u0144 klasy <strong>2f<\/strong> zostali <strong>laureatami Og\u00f3lnopolskiej Olimpiady Wiedzy Chemicznej z<\/strong> <strong>Wydzia\u0142em Chemii Uniwersytetu Jagiello\u0144skiego<\/strong> dla szk\u00f3\u0142 ponadpodstawowych. Opiekunem obojga uczni\u00f3w jest dr Agnieszka Kaczy\u0144ska.\u00a0<\/p>\n\n\n\n<p>To ogromne osi\u0105gni\u0119cie jest wynikiem ci\u0119\u017ckiej pracy, pasji i zaanga\u017cowania naszych uczni\u00f3w oraz wsparcia nauczycielki. Gratulujemy serdecznie Amelii i Kacprowi oraz \u017cyczymy im dalszych sukces\u00f3w na polu naukowym!&nbsp;<\/p>\n<\/div>\n<\/div>\n","protected":false},"excerpt":{"rendered":"<p>Mi\u0142o nam poinformowa\u0107, \u017ce Amelia Pawelec, uczennica klasy 4g oraz Kacper Jurkowski, ucze\u0144 klasy 2f zostali laureatami Og\u00f3lnopolskiej Olimpiady Wiedzy Chemicznej z Wydzia\u0142em Chemii Uniwersytetu&hellip;<\/p>\n","protected":false},"author":10,"featured_media":0,"comment_status":"closed","ping_status":"closed","sticky":false,"template":"","format":"standard","meta":{"spay_email":""},"categories":[4],"tags":[],"jetpack_featured_media_url":"","_links":{"self":[{"href":"https:\/\/vii-lo.krakow.pl\/index.php?rest_route=\/wp\/v2\/posts\/5810"}],"collection":[{"href":"https:\/\/vii-lo.krakow.pl\/index.php?rest_route=\/wp\/v2\/posts"}],"about":[{"href":"https:\/\/vii-lo.krakow.pl\/index.php?rest_route=\/wp\/v2\/types\/post"}],"author":[{"embeddable":true,"href":"https:\/\/vii-lo.krakow.pl\/index.php?rest_route=\/wp\/v2\/users\/10"}],"replies":[{"embeddable":true,"href":"https:\/\/vii-lo.krakow.pl\/index.php?rest_route=%2Fwp%2Fv2%2Fcomments&post=5810"}],"version-history":[{"count":2,"href":"https:\/\/vii-lo.krakow.pl\/index.php?rest_route=\/wp\/v2\/posts\/5810\/revisions"}],"predecessor-version":[{"id":5925,"href":"https:\/\/vii-lo.krakow.pl\/index.php?rest_route=\/wp\/v2\/posts\/5810\/revisions\/5925"}],"wp:attachment":[{"href":"https:\/\/vii-lo.krakow.pl\/index.php?rest_route=%2Fwp%2Fv2%2Fmedia&parent=5810"}],"wp:term":[{"taxonomy":"category","embeddable":true,"href":"https:\/\/vii-lo.krakow.pl\/index.php?rest_route=%2Fwp%2Fv2%2Fcategories&post=5810"},{"taxonomy":"post_tag","embeddable":true,"href":"https:\/\/vii-lo.krakow.pl\/index.php?rest_route=%2Fwp%2Fv2%2Ftags&post=5810"}],"curies":[{"name":"wp","href":"https:\/\/api.w.org\/{rel}","templated":true}]}}