{"id":5815,"date":"2025-06-25T12:14:30","date_gmt":"2025-06-25T10:14:30","guid":{"rendered":"https:\/\/vii-lo.krakow.pl\/?p=5815"},"modified":"2025-06-25T12:14:34","modified_gmt":"2025-06-25T10:14:34","slug":"pielgrzymka-do-wloch","status":"publish","type":"post","link":"https:\/\/vii-lo.krakow.pl\/?p=5815","title":{"rendered":"Pielgrzymka do W\u0142och"},"content":{"rendered":"\n<div class=\"wp-block-columns\">\n<div class=\"wp-block-column\" style=\"flex-basis:33.33%\">\n<figure class=\"wp-block-image size-large\"><img loading=\"lazy\" width=\"1024\" height=\"1024\" src=\"https:\/\/vii-lo.krakow.pl\/wp-content\/uploads\/2025\/06\/pielgrzymka-Wlochy-1024x1024.png\" alt=\"pielgrzymka W\u0142ochy\" class=\"wp-image-5816\" srcset=\"https:\/\/vii-lo.krakow.pl\/wp-content\/uploads\/2025\/06\/pielgrzymka-Wlochy-1024x1024.png 1024w, https:\/\/vii-lo.krakow.pl\/wp-content\/uploads\/2025\/06\/pielgrzymka-Wlochy-300x300.png 300w, https:\/\/vii-lo.krakow.pl\/wp-content\/uploads\/2025\/06\/pielgrzymka-Wlochy-150x150.png 150w, https:\/\/vii-lo.krakow.pl\/wp-content\/uploads\/2025\/06\/pielgrzymka-Wlochy-768x768.png 768w, https:\/\/vii-lo.krakow.pl\/wp-content\/uploads\/2025\/06\/pielgrzymka-Wlochy.png 1080w\" sizes=\"(max-width: 1024px) 100vw, 1024px\" \/><\/figure>\n<\/div>\n\n\n\n<div class=\"wp-block-column\" style=\"flex-basis:66.66%\">\n<p><strong>W imieniu ksi\u0119\u017cy katechet\u00f3w VII LO zapraszamy na szkoln\u0105 pielgrzymk\u0119 autokarow\u0105 do W\u0142och w dniach 5-11 X 2025 r.<\/strong><br><strong>To niepowtarzalna okazja do skorzystania z odpust\u00f3w Roku Jubileuszowego i przej\u015bcia przez Jubileuszowe Drzwi Bazyliki \u015bw. Piotra w Rzymie!<\/strong><br><br>W planie m.in.:<br>5 X (niedziela)<br>16:00 wyjazd z Krakowa, przejazd przez Czechy i Austri\u0119 do W\u0142och<br><br>6 X (poniedzia\u0142ek)<br>Wenecja &#8211; plac \u015bw. Marka, Pa\u0142ac Do\u017c\u00f3w, katedra, rejs \u0142odzi\u0105 na Murano<br><br>7 X (wtorek)<br>San Marino, Asy\u017c &#8211; bazylika \u015bw. Franciszka<br><br>8 X (\u015broda)<br>Rzym dzie\u0144 pierwszy &#8211; Bazylika \u015bw. Jana na Lateranie, Coloseum, Forum Romanum, Kapitol, Piazza Navona, audiencja u papie\u017ca Leona XIV<br><br>9 X (czwartek)<br>Rzym dzie\u0144 drugi &#8211; Watykan, plac i Bazylika \u015bw. Piotra, Muzeum Watyka\u0144skie, kaplica syksty\u0144ska, Bazylika Matki Bo\u017cej Wi\u0119kszej, gr\u00f3b papie\u017ca Jana Paw\u0142a II, Benedykta XVI, Franciszka<br><br>10 X (pi\u0105tek)<br>Padwa &#8211; bazylika \u015bw. Antoniego; powr\u00f3t do Polski<br><br>11 X (sobota)<br>powr\u00f3t w godzinach po\u0142udniowych do Krakowa<br><br><br>TERMIN: 5-11 X 2025 r.<br>KOSZT: 1950 z\u0142 + ok. 100 Euro<br>Cena obejmuje: 4 noclegi, 4 \u015bniadania, 4 obiadokolacje, ubezpieczenie KL i NNW, opieka pilota przewodnika, transport autokarem klasy Lux, op\u0142aty wjazdowe do miast, sk\u0142adk\u0119 na fundusz TFG, TFP, metro w Rzymie, przewodnika po Wenecji i Rzymie oraz bilety wst\u0119p\u00f3w: rejs po Wenecji, bazylika \u015bw. Franciszka, Muzeum Watyka\u0144skie, Kaplica Syskty\u0144ska, Coloseum, Forum Romanum<br><br>Wyjazd ma charakter pielgrzymkowy<br><br><strong>ZAPISY: z zaliczk\u0105 200 z\u0142 <u>od 1 wrze\u015bnia<\/u>\u00a0u ksi\u0119\u017cy katechet\u00f3w<\/strong><br>DLA KOGO: uczniowie ucz\u0119szczaj\u0105cy na katechez\u0119 z klas 2, 3, 4 roku szkolnego 2025\/2026<br><br>Biuro Podr\u00f3\u017cy: Test Tour na ul. D\u0142ugiej w Krakowie<\/p>\n<\/div>\n<\/div>\n","protected":false},"excerpt":{"rendered":"<p>W imieniu ksi\u0119\u017cy katechet\u00f3w VII LO zapraszamy na szkoln\u0105 pielgrzymk\u0119 autokarow\u0105 do W\u0142och w dniach 5-11 X 2025 r.To niepowtarzalna okazja do skorzystania z odpust\u00f3w&hellip;<\/p>\n","protected":false},"author":10,"featured_media":0,"comment_status":"closed","ping_status":"closed","sticky":false,"template":"","format":"standard","meta":{"spay_email":""},"categories":[4],"tags":[],"jetpack_featured_media_url":"","_links":{"self":[{"href":"https:\/\/vii-lo.krakow.pl\/index.php?rest_route=\/wp\/v2\/posts\/5815"}],"collection":[{"href":"https:\/\/vii-lo.krakow.pl\/index.php?rest_route=\/wp\/v2\/posts"}],"about":[{"href":"https:\/\/vii-lo.krakow.pl\/index.php?rest_route=\/wp\/v2\/types\/post"}],"author":[{"embeddable":true,"href":"https:\/\/vii-lo.krakow.pl\/index.php?rest_route=\/wp\/v2\/users\/10"}],"replies":[{"embeddable":true,"href":"https:\/\/vii-lo.krakow.pl\/index.php?rest_route=%2Fwp%2Fv2%2Fcomments&post=5815"}],"version-history":[{"count":1,"href":"https:\/\/vii-lo.krakow.pl\/index.php?rest_route=\/wp\/v2\/posts\/5815\/revisions"}],"predecessor-version":[{"id":5817,"href":"https:\/\/vii-lo.krakow.pl\/index.php?rest_route=\/wp\/v2\/posts\/5815\/revisions\/5817"}],"wp:attachment":[{"href":"https:\/\/vii-lo.krakow.pl\/index.php?rest_route=%2Fwp%2Fv2%2Fmedia&parent=5815"}],"wp:term":[{"taxonomy":"category","embeddable":true,"href":"https:\/\/vii-lo.krakow.pl\/index.php?rest_route=%2Fwp%2Fv2%2Fcategories&post=5815"},{"taxonomy":"post_tag","embeddable":true,"href":"https:\/\/vii-lo.krakow.pl\/index.php?rest_route=%2Fwp%2Fv2%2Ftags&post=5815"}],"curies":[{"name":"wp","href":"https:\/\/api.w.org\/{rel}","templated":true}]}}