{"id":6365,"date":"2025-12-17T11:57:41","date_gmt":"2025-12-17T10:57:41","guid":{"rendered":"https:\/\/vii-lo.krakow.pl\/?p=6365"},"modified":"2025-12-17T11:59:23","modified_gmt":"2025-12-17T10:59:23","slug":"siodemkowe-czytanie-nalkowskiej-2","status":"publish","type":"post","link":"https:\/\/vii-lo.krakow.pl\/?p=6365","title":{"rendered":"Si\u00f3demkowe czytanie Na\u0142kowskiej"},"content":{"rendered":"\n<div class=\"wp-block-columns\">\n<div class=\"wp-block-column\" style=\"flex-basis:33.33%\">\n<div class=\"wp-block-jetpack-slideshow aligncenter\" data-autoplay=\"true\" data-delay=\"3\" data-effect=\"slide\"><div class=\"wp-block-jetpack-slideshow_container swiper-container\"><ul class=\"wp-block-jetpack-slideshow_swiper-wrapper swiper-wrapper\"><li class=\"wp-block-jetpack-slideshow_slide swiper-slide\"><figure><img loading=\"lazy\" width=\"1024\" height=\"576\" alt=\"\" class=\"wp-block-jetpack-slideshow_image wp-image-6391\" data-id=\"6391\" src=\"https:\/\/vii-lo.krakow.pl\/wp-content\/uploads\/2025\/12\/IMG_3054-1024x576.jpeg\" srcset=\"https:\/\/vii-lo.krakow.pl\/wp-content\/uploads\/2025\/12\/IMG_3054-1024x576.jpeg 1024w, https:\/\/vii-lo.krakow.pl\/wp-content\/uploads\/2025\/12\/IMG_3054-300x169.jpeg 300w, https:\/\/vii-lo.krakow.pl\/wp-content\/uploads\/2025\/12\/IMG_3054-768x432.jpeg 768w, https:\/\/vii-lo.krakow.pl\/wp-content\/uploads\/2025\/12\/IMG_3054-1536x864.jpeg 1536w, https:\/\/vii-lo.krakow.pl\/wp-content\/uploads\/2025\/12\/IMG_3054-2048x1152.jpeg 2048w\" sizes=\"(max-width: 1024px) 100vw, 1024px\" \/><\/figure><\/li><li class=\"wp-block-jetpack-slideshow_slide swiper-slide\"><figure><img loading=\"lazy\" width=\"1024\" height=\"576\" alt=\"\" class=\"wp-block-jetpack-slideshow_image wp-image-6366\" data-id=\"6366\" src=\"https:\/\/vii-lo.krakow.pl\/wp-content\/uploads\/2025\/12\/IMG_3007-1024x576.jpeg\" srcset=\"https:\/\/vii-lo.krakow.pl\/wp-content\/uploads\/2025\/12\/IMG_3007-1024x576.jpeg 1024w, https:\/\/vii-lo.krakow.pl\/wp-content\/uploads\/2025\/12\/IMG_3007-300x169.jpeg 300w, https:\/\/vii-lo.krakow.pl\/wp-content\/uploads\/2025\/12\/IMG_3007-768x432.jpeg 768w, https:\/\/vii-lo.krakow.pl\/wp-content\/uploads\/2025\/12\/IMG_3007-1536x864.jpeg 1536w, https:\/\/vii-lo.krakow.pl\/wp-content\/uploads\/2025\/12\/IMG_3007-2048x1152.jpeg 2048w\" sizes=\"(max-width: 1024px) 100vw, 1024px\" \/><\/figure><\/li><li class=\"wp-block-jetpack-slideshow_slide swiper-slide\"><figure><img loading=\"lazy\" width=\"1024\" height=\"576\" alt=\"\" class=\"wp-block-jetpack-slideshow_image wp-image-6369\" data-id=\"6369\" src=\"https:\/\/vii-lo.krakow.pl\/wp-content\/uploads\/2025\/12\/IMG_3015-1024x576.jpeg\" srcset=\"https:\/\/vii-lo.krakow.pl\/wp-content\/uploads\/2025\/12\/IMG_3015-1024x576.jpeg 1024w, https:\/\/vii-lo.krakow.pl\/wp-content\/uploads\/2025\/12\/IMG_3015-300x169.jpeg 300w, https:\/\/vii-lo.krakow.pl\/wp-content\/uploads\/2025\/12\/IMG_3015-768x432.jpeg 768w, https:\/\/vii-lo.krakow.pl\/wp-content\/uploads\/2025\/12\/IMG_3015-1536x864.jpeg 1536w, https:\/\/vii-lo.krakow.pl\/wp-content\/uploads\/2025\/12\/IMG_3015-2048x1152.jpeg 2048w\" sizes=\"(max-width: 1024px) 100vw, 1024px\" \/><\/figure><\/li><li class=\"wp-block-jetpack-slideshow_slide swiper-slide\"><figure><img loading=\"lazy\" width=\"1024\" height=\"576\" alt=\"\" class=\"wp-block-jetpack-slideshow_image wp-image-6370\" data-id=\"6370\" src=\"https:\/\/vii-lo.krakow.pl\/wp-content\/uploads\/2025\/12\/IMG_3016-1024x576.jpeg\" srcset=\"https:\/\/vii-lo.krakow.pl\/wp-content\/uploads\/2025\/12\/IMG_3016-1024x576.jpeg 1024w, https:\/\/vii-lo.krakow.pl\/wp-content\/uploads\/2025\/12\/IMG_3016-300x169.jpeg 300w, https:\/\/vii-lo.krakow.pl\/wp-content\/uploads\/2025\/12\/IMG_3016-768x432.jpeg 768w, https:\/\/vii-lo.krakow.pl\/wp-content\/uploads\/2025\/12\/IMG_3016-1536x864.jpeg 1536w, https:\/\/vii-lo.krakow.pl\/wp-content\/uploads\/2025\/12\/IMG_3016-2048x1152.jpeg 2048w\" sizes=\"(max-width: 1024px) 100vw, 1024px\" \/><\/figure><\/li><li class=\"wp-block-jetpack-slideshow_slide swiper-slide\"><figure><img loading=\"lazy\" width=\"1024\" height=\"576\" alt=\"\" class=\"wp-block-jetpack-slideshow_image wp-image-6367\" data-id=\"6367\" src=\"https:\/\/vii-lo.krakow.pl\/wp-content\/uploads\/2025\/12\/IMG_3010-1024x576.jpeg\" srcset=\"https:\/\/vii-lo.krakow.pl\/wp-content\/uploads\/2025\/12\/IMG_3010-1024x576.jpeg 1024w, https:\/\/vii-lo.krakow.pl\/wp-content\/uploads\/2025\/12\/IMG_3010-300x169.jpeg 300w, https:\/\/vii-lo.krakow.pl\/wp-content\/uploads\/2025\/12\/IMG_3010-768x432.jpeg 768w, https:\/\/vii-lo.krakow.pl\/wp-content\/uploads\/2025\/12\/IMG_3010-1536x864.jpeg 1536w, https:\/\/vii-lo.krakow.pl\/wp-content\/uploads\/2025\/12\/IMG_3010-2048x1152.jpeg 2048w\" sizes=\"(max-width: 1024px) 100vw, 1024px\" \/><\/figure><\/li><li class=\"wp-block-jetpack-slideshow_slide swiper-slide\"><figure><img loading=\"lazy\" width=\"1024\" height=\"576\" alt=\"\" class=\"wp-block-jetpack-slideshow_image wp-image-6371\" data-id=\"6371\" src=\"https:\/\/vii-lo.krakow.pl\/wp-content\/uploads\/2025\/12\/IMG_3017-1024x576.jpeg\" srcset=\"https:\/\/vii-lo.krakow.pl\/wp-content\/uploads\/2025\/12\/IMG_3017-1024x576.jpeg 1024w, https:\/\/vii-lo.krakow.pl\/wp-content\/uploads\/2025\/12\/IMG_3017-300x169.jpeg 300w, https:\/\/vii-lo.krakow.pl\/wp-content\/uploads\/2025\/12\/IMG_3017-768x432.jpeg 768w, https:\/\/vii-lo.krakow.pl\/wp-content\/uploads\/2025\/12\/IMG_3017-1536x864.jpeg 1536w, https:\/\/vii-lo.krakow.pl\/wp-content\/uploads\/2025\/12\/IMG_3017-2048x1152.jpeg 2048w\" sizes=\"(max-width: 1024px) 100vw, 1024px\" \/><\/figure><\/li><li class=\"wp-block-jetpack-slideshow_slide swiper-slide\"><figure><img loading=\"lazy\" width=\"576\" height=\"1024\" alt=\"\" class=\"wp-block-jetpack-slideshow_image wp-image-6372\" data-id=\"6372\" src=\"https:\/\/vii-lo.krakow.pl\/wp-content\/uploads\/2025\/12\/IMG_3018-576x1024.jpeg\" srcset=\"https:\/\/vii-lo.krakow.pl\/wp-content\/uploads\/2025\/12\/IMG_3018-576x1024.jpeg 576w, https:\/\/vii-lo.krakow.pl\/wp-content\/uploads\/2025\/12\/IMG_3018-169x300.jpeg 169w, https:\/\/vii-lo.krakow.pl\/wp-content\/uploads\/2025\/12\/IMG_3018-768x1365.jpeg 768w, https:\/\/vii-lo.krakow.pl\/wp-content\/uploads\/2025\/12\/IMG_3018-864x1536.jpeg 864w, https:\/\/vii-lo.krakow.pl\/wp-content\/uploads\/2025\/12\/IMG_3018-1152x2048.jpeg 1152w, https:\/\/vii-lo.krakow.pl\/wp-content\/uploads\/2025\/12\/IMG_3018-scaled.jpeg 1440w\" sizes=\"(max-width: 576px) 100vw, 576px\" \/><\/figure><\/li><li class=\"wp-block-jetpack-slideshow_slide swiper-slide\"><figure><img loading=\"lazy\" width=\"576\" height=\"1024\" alt=\"\" class=\"wp-block-jetpack-slideshow_image wp-image-6373\" data-id=\"6373\" src=\"https:\/\/vii-lo.krakow.pl\/wp-content\/uploads\/2025\/12\/IMG_3020-576x1024.jpeg\" srcset=\"https:\/\/vii-lo.krakow.pl\/wp-content\/uploads\/2025\/12\/IMG_3020-576x1024.jpeg 576w, https:\/\/vii-lo.krakow.pl\/wp-content\/uploads\/2025\/12\/IMG_3020-169x300.jpeg 169w, https:\/\/vii-lo.krakow.pl\/wp-content\/uploads\/2025\/12\/IMG_3020-768x1365.jpeg 768w, https:\/\/vii-lo.krakow.pl\/wp-content\/uploads\/2025\/12\/IMG_3020-864x1536.jpeg 864w, https:\/\/vii-lo.krakow.pl\/wp-content\/uploads\/2025\/12\/IMG_3020-1152x2048.jpeg 1152w, https:\/\/vii-lo.krakow.pl\/wp-content\/uploads\/2025\/12\/IMG_3020-scaled.jpeg 1440w\" sizes=\"(max-width: 576px) 100vw, 576px\" \/><\/figure><\/li><li class=\"wp-block-jetpack-slideshow_slide swiper-slide\"><figure><img loading=\"lazy\" width=\"576\" height=\"1024\" alt=\"\" class=\"wp-block-jetpack-slideshow_image wp-image-6374\" data-id=\"6374\" src=\"https:\/\/vii-lo.krakow.pl\/wp-content\/uploads\/2025\/12\/IMG_3022-576x1024.jpeg\" srcset=\"https:\/\/vii-lo.krakow.pl\/wp-content\/uploads\/2025\/12\/IMG_3022-576x1024.jpeg 576w, https:\/\/vii-lo.krakow.pl\/wp-content\/uploads\/2025\/12\/IMG_3022-169x300.jpeg 169w, https:\/\/vii-lo.krakow.pl\/wp-content\/uploads\/2025\/12\/IMG_3022-768x1365.jpeg 768w, https:\/\/vii-lo.krakow.pl\/wp-content\/uploads\/2025\/12\/IMG_3022-864x1536.jpeg 864w, https:\/\/vii-lo.krakow.pl\/wp-content\/uploads\/2025\/12\/IMG_3022-1152x2048.jpeg 1152w, https:\/\/vii-lo.krakow.pl\/wp-content\/uploads\/2025\/12\/IMG_3022-scaled.jpeg 1440w\" sizes=\"(max-width: 576px) 100vw, 576px\" \/><\/figure><\/li><li class=\"wp-block-jetpack-slideshow_slide swiper-slide\"><figure><img loading=\"lazy\" width=\"1024\" height=\"576\" alt=\"\" class=\"wp-block-jetpack-slideshow_image wp-image-6375\" data-id=\"6375\" src=\"https:\/\/vii-lo.krakow.pl\/wp-content\/uploads\/2025\/12\/IMG_3030-1024x576.jpeg\" srcset=\"https:\/\/vii-lo.krakow.pl\/wp-content\/uploads\/2025\/12\/IMG_3030-1024x576.jpeg 1024w, https:\/\/vii-lo.krakow.pl\/wp-content\/uploads\/2025\/12\/IMG_3030-300x169.jpeg 300w, https:\/\/vii-lo.krakow.pl\/wp-content\/uploads\/2025\/12\/IMG_3030-768x432.jpeg 768w, https:\/\/vii-lo.krakow.pl\/wp-content\/uploads\/2025\/12\/IMG_3030-1536x864.jpeg 1536w, https:\/\/vii-lo.krakow.pl\/wp-content\/uploads\/2025\/12\/IMG_3030-2048x1152.jpeg 2048w\" sizes=\"(max-width: 1024px) 100vw, 1024px\" \/><\/figure><\/li><li class=\"wp-block-jetpack-slideshow_slide swiper-slide\"><figure><img loading=\"lazy\" width=\"576\" height=\"1024\" alt=\"\" class=\"wp-block-jetpack-slideshow_image wp-image-6376\" data-id=\"6376\" src=\"https:\/\/vii-lo.krakow.pl\/wp-content\/uploads\/2025\/12\/IMG_3031-576x1024.jpeg\" srcset=\"https:\/\/vii-lo.krakow.pl\/wp-content\/uploads\/2025\/12\/IMG_3031-576x1024.jpeg 576w, https:\/\/vii-lo.krakow.pl\/wp-content\/uploads\/2025\/12\/IMG_3031-169x300.jpeg 169w, https:\/\/vii-lo.krakow.pl\/wp-content\/uploads\/2025\/12\/IMG_3031-768x1365.jpeg 768w, https:\/\/vii-lo.krakow.pl\/wp-content\/uploads\/2025\/12\/IMG_3031-864x1536.jpeg 864w, https:\/\/vii-lo.krakow.pl\/wp-content\/uploads\/2025\/12\/IMG_3031-1152x2048.jpeg 1152w, https:\/\/vii-lo.krakow.pl\/wp-content\/uploads\/2025\/12\/IMG_3031-scaled.jpeg 1440w\" sizes=\"(max-width: 576px) 100vw, 576px\" \/><\/figure><\/li><li class=\"wp-block-jetpack-slideshow_slide swiper-slide\"><figure><img loading=\"lazy\" width=\"1024\" height=\"576\" alt=\"\" class=\"wp-block-jetpack-slideshow_image wp-image-6368\" data-id=\"6368\" src=\"https:\/\/vii-lo.krakow.pl\/wp-content\/uploads\/2025\/12\/IMG_3012-1024x576.jpeg\" srcset=\"https:\/\/vii-lo.krakow.pl\/wp-content\/uploads\/2025\/12\/IMG_3012-1024x576.jpeg 1024w, https:\/\/vii-lo.krakow.pl\/wp-content\/uploads\/2025\/12\/IMG_3012-300x169.jpeg 300w, https:\/\/vii-lo.krakow.pl\/wp-content\/uploads\/2025\/12\/IMG_3012-768x432.jpeg 768w, https:\/\/vii-lo.krakow.pl\/wp-content\/uploads\/2025\/12\/IMG_3012-1536x864.jpeg 1536w, https:\/\/vii-lo.krakow.pl\/wp-content\/uploads\/2025\/12\/IMG_3012-2048x1152.jpeg 2048w\" sizes=\"(max-width: 1024px) 100vw, 1024px\" \/><\/figure><\/li><li class=\"wp-block-jetpack-slideshow_slide swiper-slide\"><figure><img loading=\"lazy\" width=\"576\" height=\"1024\" alt=\"\" class=\"wp-block-jetpack-slideshow_image wp-image-6377\" data-id=\"6377\" src=\"https:\/\/vii-lo.krakow.pl\/wp-content\/uploads\/2025\/12\/IMG_3032-576x1024.jpeg\" srcset=\"https:\/\/vii-lo.krakow.pl\/wp-content\/uploads\/2025\/12\/IMG_3032-576x1024.jpeg 576w, https:\/\/vii-lo.krakow.pl\/wp-content\/uploads\/2025\/12\/IMG_3032-169x300.jpeg 169w, https:\/\/vii-lo.krakow.pl\/wp-content\/uploads\/2025\/12\/IMG_3032-768x1365.jpeg 768w, https:\/\/vii-lo.krakow.pl\/wp-content\/uploads\/2025\/12\/IMG_3032-864x1536.jpeg 864w, https:\/\/vii-lo.krakow.pl\/wp-content\/uploads\/2025\/12\/IMG_3032-1152x2048.jpeg 1152w, https:\/\/vii-lo.krakow.pl\/wp-content\/uploads\/2025\/12\/IMG_3032-scaled.jpeg 1440w\" sizes=\"(max-width: 576px) 100vw, 576px\" \/><\/figure><\/li><li class=\"wp-block-jetpack-slideshow_slide swiper-slide\"><figure><img loading=\"lazy\" width=\"576\" height=\"1024\" alt=\"\" class=\"wp-block-jetpack-slideshow_image wp-image-6378\" data-id=\"6378\" src=\"https:\/\/vii-lo.krakow.pl\/wp-content\/uploads\/2025\/12\/IMG_3033-576x1024.jpeg\" srcset=\"https:\/\/vii-lo.krakow.pl\/wp-content\/uploads\/2025\/12\/IMG_3033-576x1024.jpeg 576w, https:\/\/vii-lo.krakow.pl\/wp-content\/uploads\/2025\/12\/IMG_3033-169x300.jpeg 169w, https:\/\/vii-lo.krakow.pl\/wp-content\/uploads\/2025\/12\/IMG_3033-768x1365.jpeg 768w, https:\/\/vii-lo.krakow.pl\/wp-content\/uploads\/2025\/12\/IMG_3033-864x1536.jpeg 864w, https:\/\/vii-lo.krakow.pl\/wp-content\/uploads\/2025\/12\/IMG_3033-1152x2048.jpeg 1152w, https:\/\/vii-lo.krakow.pl\/wp-content\/uploads\/2025\/12\/IMG_3033-scaled.jpeg 1440w\" sizes=\"(max-width: 576px) 100vw, 576px\" \/><\/figure><\/li><li class=\"wp-block-jetpack-slideshow_slide swiper-slide\"><figure><img loading=\"lazy\" width=\"1024\" height=\"576\" alt=\"\" class=\"wp-block-jetpack-slideshow_image wp-image-6379\" data-id=\"6379\" src=\"https:\/\/vii-lo.krakow.pl\/wp-content\/uploads\/2025\/12\/IMG_3035-1024x576.jpeg\" srcset=\"https:\/\/vii-lo.krakow.pl\/wp-content\/uploads\/2025\/12\/IMG_3035-1024x576.jpeg 1024w, https:\/\/vii-lo.krakow.pl\/wp-content\/uploads\/2025\/12\/IMG_3035-300x169.jpeg 300w, https:\/\/vii-lo.krakow.pl\/wp-content\/uploads\/2025\/12\/IMG_3035-768x432.jpeg 768w, https:\/\/vii-lo.krakow.pl\/wp-content\/uploads\/2025\/12\/IMG_3035-1536x864.jpeg 1536w, https:\/\/vii-lo.krakow.pl\/wp-content\/uploads\/2025\/12\/IMG_3035-2048x1152.jpeg 2048w\" sizes=\"(max-width: 1024px) 100vw, 1024px\" \/><\/figure><\/li><li class=\"wp-block-jetpack-slideshow_slide swiper-slide\"><figure><img loading=\"lazy\" width=\"1024\" height=\"576\" alt=\"\" class=\"wp-block-jetpack-slideshow_image wp-image-6380\" data-id=\"6380\" src=\"https:\/\/vii-lo.krakow.pl\/wp-content\/uploads\/2025\/12\/IMG_3037-1024x576.jpeg\" srcset=\"https:\/\/vii-lo.krakow.pl\/wp-content\/uploads\/2025\/12\/IMG_3037-1024x576.jpeg 1024w, https:\/\/vii-lo.krakow.pl\/wp-content\/uploads\/2025\/12\/IMG_3037-300x169.jpeg 300w, https:\/\/vii-lo.krakow.pl\/wp-content\/uploads\/2025\/12\/IMG_3037-768x432.jpeg 768w, https:\/\/vii-lo.krakow.pl\/wp-content\/uploads\/2025\/12\/IMG_3037-1536x864.jpeg 1536w, https:\/\/vii-lo.krakow.pl\/wp-content\/uploads\/2025\/12\/IMG_3037-2048x1152.jpeg 2048w\" sizes=\"(max-width: 1024px) 100vw, 1024px\" \/><\/figure><\/li><li class=\"wp-block-jetpack-slideshow_slide swiper-slide\"><figure><img loading=\"lazy\" width=\"1024\" height=\"576\" alt=\"\" class=\"wp-block-jetpack-slideshow_image wp-image-6381\" data-id=\"6381\" src=\"https:\/\/vii-lo.krakow.pl\/wp-content\/uploads\/2025\/12\/IMG_3038-1024x576.jpeg\" srcset=\"https:\/\/vii-lo.krakow.pl\/wp-content\/uploads\/2025\/12\/IMG_3038-1024x576.jpeg 1024w, https:\/\/vii-lo.krakow.pl\/wp-content\/uploads\/2025\/12\/IMG_3038-300x169.jpeg 300w, https:\/\/vii-lo.krakow.pl\/wp-content\/uploads\/2025\/12\/IMG_3038-768x432.jpeg 768w, https:\/\/vii-lo.krakow.pl\/wp-content\/uploads\/2025\/12\/IMG_3038-1536x864.jpeg 1536w, https:\/\/vii-lo.krakow.pl\/wp-content\/uploads\/2025\/12\/IMG_3038-2048x1152.jpeg 2048w\" sizes=\"(max-width: 1024px) 100vw, 1024px\" \/><\/figure><\/li><li class=\"wp-block-jetpack-slideshow_slide swiper-slide\"><figure><img loading=\"lazy\" width=\"576\" height=\"1024\" alt=\"\" class=\"wp-block-jetpack-slideshow_image wp-image-6382\" data-id=\"6382\" src=\"https:\/\/vii-lo.krakow.pl\/wp-content\/uploads\/2025\/12\/IMG_3039-576x1024.jpeg\" srcset=\"https:\/\/vii-lo.krakow.pl\/wp-content\/uploads\/2025\/12\/IMG_3039-576x1024.jpeg 576w, https:\/\/vii-lo.krakow.pl\/wp-content\/uploads\/2025\/12\/IMG_3039-169x300.jpeg 169w, https:\/\/vii-lo.krakow.pl\/wp-content\/uploads\/2025\/12\/IMG_3039-768x1365.jpeg 768w, https:\/\/vii-lo.krakow.pl\/wp-content\/uploads\/2025\/12\/IMG_3039-864x1536.jpeg 864w, https:\/\/vii-lo.krakow.pl\/wp-content\/uploads\/2025\/12\/IMG_3039-1152x2048.jpeg 1152w, https:\/\/vii-lo.krakow.pl\/wp-content\/uploads\/2025\/12\/IMG_3039-scaled.jpeg 1440w\" sizes=\"(max-width: 576px) 100vw, 576px\" \/><\/figure><\/li><li class=\"wp-block-jetpack-slideshow_slide swiper-slide\"><figure><img loading=\"lazy\" width=\"576\" height=\"1024\" alt=\"\" class=\"wp-block-jetpack-slideshow_image wp-image-6383\" data-id=\"6383\" src=\"https:\/\/vii-lo.krakow.pl\/wp-content\/uploads\/2025\/12\/IMG_3040-576x1024.jpeg\" srcset=\"https:\/\/vii-lo.krakow.pl\/wp-content\/uploads\/2025\/12\/IMG_3040-576x1024.jpeg 576w, https:\/\/vii-lo.krakow.pl\/wp-content\/uploads\/2025\/12\/IMG_3040-169x300.jpeg 169w, https:\/\/vii-lo.krakow.pl\/wp-content\/uploads\/2025\/12\/IMG_3040-768x1365.jpeg 768w, https:\/\/vii-lo.krakow.pl\/wp-content\/uploads\/2025\/12\/IMG_3040-864x1536.jpeg 864w, https:\/\/vii-lo.krakow.pl\/wp-content\/uploads\/2025\/12\/IMG_3040-1152x2048.jpeg 1152w, https:\/\/vii-lo.krakow.pl\/wp-content\/uploads\/2025\/12\/IMG_3040-scaled.jpeg 1440w\" sizes=\"(max-width: 576px) 100vw, 576px\" \/><\/figure><\/li><li class=\"wp-block-jetpack-slideshow_slide swiper-slide\"><figure><img loading=\"lazy\" width=\"576\" height=\"1024\" alt=\"\" class=\"wp-block-jetpack-slideshow_image wp-image-6384\" data-id=\"6384\" src=\"https:\/\/vii-lo.krakow.pl\/wp-content\/uploads\/2025\/12\/IMG_3041-576x1024.jpeg\" srcset=\"https:\/\/vii-lo.krakow.pl\/wp-content\/uploads\/2025\/12\/IMG_3041-576x1024.jpeg 576w, https:\/\/vii-lo.krakow.pl\/wp-content\/uploads\/2025\/12\/IMG_3041-169x300.jpeg 169w, https:\/\/vii-lo.krakow.pl\/wp-content\/uploads\/2025\/12\/IMG_3041-768x1365.jpeg 768w, https:\/\/vii-lo.krakow.pl\/wp-content\/uploads\/2025\/12\/IMG_3041-864x1536.jpeg 864w, https:\/\/vii-lo.krakow.pl\/wp-content\/uploads\/2025\/12\/IMG_3041-1152x2048.jpeg 1152w, https:\/\/vii-lo.krakow.pl\/wp-content\/uploads\/2025\/12\/IMG_3041-scaled.jpeg 1440w\" sizes=\"(max-width: 576px) 100vw, 576px\" \/><\/figure><\/li><li class=\"wp-block-jetpack-slideshow_slide swiper-slide\"><figure><img loading=\"lazy\" width=\"576\" height=\"1024\" alt=\"\" class=\"wp-block-jetpack-slideshow_image wp-image-6385\" data-id=\"6385\" src=\"https:\/\/vii-lo.krakow.pl\/wp-content\/uploads\/2025\/12\/IMG_3042-576x1024.jpeg\" srcset=\"https:\/\/vii-lo.krakow.pl\/wp-content\/uploads\/2025\/12\/IMG_3042-576x1024.jpeg 576w, https:\/\/vii-lo.krakow.pl\/wp-content\/uploads\/2025\/12\/IMG_3042-169x300.jpeg 169w, https:\/\/vii-lo.krakow.pl\/wp-content\/uploads\/2025\/12\/IMG_3042-768x1365.jpeg 768w, https:\/\/vii-lo.krakow.pl\/wp-content\/uploads\/2025\/12\/IMG_3042-864x1536.jpeg 864w, https:\/\/vii-lo.krakow.pl\/wp-content\/uploads\/2025\/12\/IMG_3042-1152x2048.jpeg 1152w, https:\/\/vii-lo.krakow.pl\/wp-content\/uploads\/2025\/12\/IMG_3042-scaled.jpeg 1440w\" sizes=\"(max-width: 576px) 100vw, 576px\" \/><\/figure><\/li><li class=\"wp-block-jetpack-slideshow_slide swiper-slide\"><figure><img loading=\"lazy\" width=\"576\" height=\"1024\" alt=\"\" class=\"wp-block-jetpack-slideshow_image wp-image-6386\" data-id=\"6386\" src=\"https:\/\/vii-lo.krakow.pl\/wp-content\/uploads\/2025\/12\/IMG_3043-576x1024.jpeg\" srcset=\"https:\/\/vii-lo.krakow.pl\/wp-content\/uploads\/2025\/12\/IMG_3043-576x1024.jpeg 576w, https:\/\/vii-lo.krakow.pl\/wp-content\/uploads\/2025\/12\/IMG_3043-169x300.jpeg 169w, https:\/\/vii-lo.krakow.pl\/wp-content\/uploads\/2025\/12\/IMG_3043-768x1365.jpeg 768w, https:\/\/vii-lo.krakow.pl\/wp-content\/uploads\/2025\/12\/IMG_3043-864x1536.jpeg 864w, https:\/\/vii-lo.krakow.pl\/wp-content\/uploads\/2025\/12\/IMG_3043-1152x2048.jpeg 1152w, https:\/\/vii-lo.krakow.pl\/wp-content\/uploads\/2025\/12\/IMG_3043-scaled.jpeg 1440w\" sizes=\"(max-width: 576px) 100vw, 576px\" \/><\/figure><\/li><li class=\"wp-block-jetpack-slideshow_slide swiper-slide\"><figure><img loading=\"lazy\" width=\"1024\" height=\"576\" alt=\"\" class=\"wp-block-jetpack-slideshow_image wp-image-6387\" data-id=\"6387\" src=\"https:\/\/vii-lo.krakow.pl\/wp-content\/uploads\/2025\/12\/IMG_3045-1024x576.jpeg\" srcset=\"https:\/\/vii-lo.krakow.pl\/wp-content\/uploads\/2025\/12\/IMG_3045-1024x576.jpeg 1024w, https:\/\/vii-lo.krakow.pl\/wp-content\/uploads\/2025\/12\/IMG_3045-300x169.jpeg 300w, https:\/\/vii-lo.krakow.pl\/wp-content\/uploads\/2025\/12\/IMG_3045-768x432.jpeg 768w, https:\/\/vii-lo.krakow.pl\/wp-content\/uploads\/2025\/12\/IMG_3045-1536x864.jpeg 1536w, https:\/\/vii-lo.krakow.pl\/wp-content\/uploads\/2025\/12\/IMG_3045-2048x1152.jpeg 2048w\" sizes=\"(max-width: 1024px) 100vw, 1024px\" \/><\/figure><\/li><li class=\"wp-block-jetpack-slideshow_slide swiper-slide\"><figure><img loading=\"lazy\" width=\"576\" height=\"1024\" alt=\"\" class=\"wp-block-jetpack-slideshow_image wp-image-6388\" data-id=\"6388\" src=\"https:\/\/vii-lo.krakow.pl\/wp-content\/uploads\/2025\/12\/IMG_3046-576x1024.jpeg\" srcset=\"https:\/\/vii-lo.krakow.pl\/wp-content\/uploads\/2025\/12\/IMG_3046-576x1024.jpeg 576w, https:\/\/vii-lo.krakow.pl\/wp-content\/uploads\/2025\/12\/IMG_3046-169x300.jpeg 169w, https:\/\/vii-lo.krakow.pl\/wp-content\/uploads\/2025\/12\/IMG_3046-768x1365.jpeg 768w, https:\/\/vii-lo.krakow.pl\/wp-content\/uploads\/2025\/12\/IMG_3046-864x1536.jpeg 864w, https:\/\/vii-lo.krakow.pl\/wp-content\/uploads\/2025\/12\/IMG_3046-1152x2048.jpeg 1152w, https:\/\/vii-lo.krakow.pl\/wp-content\/uploads\/2025\/12\/IMG_3046-scaled.jpeg 1440w\" sizes=\"(max-width: 576px) 100vw, 576px\" \/><\/figure><\/li><li class=\"wp-block-jetpack-slideshow_slide swiper-slide\"><figure><img loading=\"lazy\" width=\"576\" height=\"1024\" alt=\"\" class=\"wp-block-jetpack-slideshow_image wp-image-6389\" data-id=\"6389\" src=\"https:\/\/vii-lo.krakow.pl\/wp-content\/uploads\/2025\/12\/IMG_3047-576x1024.jpeg\" srcset=\"https:\/\/vii-lo.krakow.pl\/wp-content\/uploads\/2025\/12\/IMG_3047-576x1024.jpeg 576w, https:\/\/vii-lo.krakow.pl\/wp-content\/uploads\/2025\/12\/IMG_3047-169x300.jpeg 169w, https:\/\/vii-lo.krakow.pl\/wp-content\/uploads\/2025\/12\/IMG_3047-768x1365.jpeg 768w, https:\/\/vii-lo.krakow.pl\/wp-content\/uploads\/2025\/12\/IMG_3047-864x1536.jpeg 864w, https:\/\/vii-lo.krakow.pl\/wp-content\/uploads\/2025\/12\/IMG_3047-1152x2048.jpeg 1152w, https:\/\/vii-lo.krakow.pl\/wp-content\/uploads\/2025\/12\/IMG_3047-scaled.jpeg 1440w\" sizes=\"(max-width: 576px) 100vw, 576px\" \/><\/figure><\/li><\/ul><a class=\"wp-block-jetpack-slideshow_button-prev swiper-button-prev swiper-button-white\" role=\"button\"><\/a><a class=\"wp-block-jetpack-slideshow_button-next swiper-button-next swiper-button-white\" role=\"button\"><\/a><a aria-label=\"Pause Slideshow\" class=\"wp-block-jetpack-slideshow_button-pause\" role=\"button\"><\/a><div class=\"wp-block-jetpack-slideshow_pagination swiper-pagination swiper-pagination-white\"><\/div><\/div><\/div>\n<\/div>\n\n\n\n<div class=\"wp-block-column\" style=\"flex-basis:66.66%\">\n<p>Tradycyjnie, w grudniu, w czytelni naszej biblioteki rozbrzmiewaj\u0105 s\u0142owa Patronki VII LO \u2013 Zofii Na\u0142kowskiej w ramach projektu zatytu\u0142owanego \u201eSi\u00f3demkowe czytanie Na\u0142kowskiej\u201d. Poznawali\u015bmy ju\u017c mi\u0119dzy innymi \u201eDzienniki czasu wojny\u201d, \u201eGranic\u0119\u201d, \u201eDom nad \u0142\u0105kami\u201d, a w tym roku przyszed\u0142 czas na \u201eRomans Teresy Hennert\u201d. Fragmenty tej powie\u015bci mogli\u015bmy us\u0142ysze\u0107 w niebanalnej interpretacji Barbary Szczechowicz (IA), Mieszka Kowalika (IA), Jana K\u0105tniaka (IIA), Maksymiliana Zada\u0144skiego (IIA), Mai Poziemskiej (IIID) oraz Mateusza Chudzio (IIIG) i Tymona Sadowskiego (IIIG). Dzi\u0119kujemy im za chwile wzruszenia i refleksji. Spotkanie prowadzi\u0142y Magdalena Wilk (IIIA) oraz Zofia B\u0142achut (IIIA). W\u015br\u00f3d s\u0142uchaczy mogli\u015bmy zobaczy\u0107 Panie: Magdalen\u0119 Palacz, Mariol\u0119 Kutyn\u0119, Magdalen\u0119 Bator, a tak\u017ce Pana dyrektora Wojciecha Zag\u00f3rnego, kt\u00f3ry otwieraj\u0105c spotkanie zach\u0119ca\u0142 do poznawania nie\u0142atwych utwor\u00f3w naszej Patronki.<\/p>\n\n\n\n<p>Wydarzenie przygotowa\u0142a Pani Ma\u0142gorzata Urbaniak, a s\u0142owo wst\u0119pne opracowa\u0142a Pani Magdalena Palacz.<\/p>\n\n\n\n<p>Zapraszamy na kolejne czytelnicze spotkanie.<\/p>\n<\/div>\n<\/div>\n","protected":false},"excerpt":{"rendered":"<p>Tradycyjnie, w grudniu, w czytelni naszej biblioteki rozbrzmiewaj\u0105 s\u0142owa Patronki VII LO \u2013 Zofii Na\u0142kowskiej w ramach projektu zatytu\u0142owanego \u201eSi\u00f3demkowe czytanie Na\u0142kowskiej\u201d. Poznawali\u015bmy ju\u017c mi\u0119dzy&hellip;<\/p>\n","protected":false},"author":10,"featured_media":0,"comment_status":"closed","ping_status":"closed","sticky":false,"template":"","format":"standard","meta":{"spay_email":""},"categories":[4],"tags":[],"jetpack_featured_media_url":"","_links":{"self":[{"href":"https:\/\/vii-lo.krakow.pl\/index.php?rest_route=\/wp\/v2\/posts\/6365"}],"collection":[{"href":"https:\/\/vii-lo.krakow.pl\/index.php?rest_route=\/wp\/v2\/posts"}],"about":[{"href":"https:\/\/vii-lo.krakow.pl\/index.php?rest_route=\/wp\/v2\/types\/post"}],"author":[{"embeddable":true,"href":"https:\/\/vii-lo.krakow.pl\/index.php?rest_route=\/wp\/v2\/users\/10"}],"replies":[{"embeddable":true,"href":"https:\/\/vii-lo.krakow.pl\/index.php?rest_route=%2Fwp%2Fv2%2Fcomments&post=6365"}],"version-history":[{"count":3,"href":"https:\/\/vii-lo.krakow.pl\/index.php?rest_route=\/wp\/v2\/posts\/6365\/revisions"}],"predecessor-version":[{"id":6395,"href":"https:\/\/vii-lo.krakow.pl\/index.php?rest_route=\/wp\/v2\/posts\/6365\/revisions\/6395"}],"wp:attachment":[{"href":"https:\/\/vii-lo.krakow.pl\/index.php?rest_route=%2Fwp%2Fv2%2Fmedia&parent=6365"}],"wp:term":[{"taxonomy":"category","embeddable":true,"href":"https:\/\/vii-lo.krakow.pl\/index.php?rest_route=%2Fwp%2Fv2%2Fcategories&post=6365"},{"taxonomy":"post_tag","embeddable":true,"href":"https:\/\/vii-lo.krakow.pl\/index.php?rest_route=%2Fwp%2Fv2%2Ftags&post=6365"}],"curies":[{"name":"wp","href":"https:\/\/api.w.org\/{rel}","templated":true}]}}