{"id":6659,"date":"2026-04-30T15:10:32","date_gmt":"2026-04-30T13:10:32","guid":{"rendered":"https:\/\/vii-lo.krakow.pl\/?p=6659"},"modified":"2026-04-30T15:10:35","modified_gmt":"2026-04-30T13:10:35","slug":"zwyciestwo-w-xxiii-edycji-szkoly-debaty","status":"publish","type":"post","link":"https:\/\/vii-lo.krakow.pl\/?p=6659","title":{"rendered":"Zwyci\u0119stwo w XXIII edycji Szko\u0142y Debaty!"},"content":{"rendered":"\n<div class=\"wp-block-columns\">\n<div class=\"wp-block-column\" style=\"flex-basis:33.33%\">\n<figure class=\"wp-block-image size-full\"><img loading=\"lazy\" width=\"600\" height=\"800\" src=\"https:\/\/vii-lo.krakow.pl\/wp-content\/uploads\/2026\/04\/Szkola-Debaty.jpeg\" alt=\"\" class=\"wp-image-6660\" srcset=\"https:\/\/vii-lo.krakow.pl\/wp-content\/uploads\/2026\/04\/Szkola-Debaty.jpeg 600w, https:\/\/vii-lo.krakow.pl\/wp-content\/uploads\/2026\/04\/Szkola-Debaty-225x300.jpeg 225w\" sizes=\"(max-width: 600px) 100vw, 600px\" \/><\/figure>\n<\/div>\n\n\n\n<div class=\"wp-block-column\" style=\"flex-basis:66.66%\">\n<p>Szkolna dru\u017cyna debatancka w sk\u0142adzie Anna Wadowska z kl. 4e, Maja P\u0142azie\u0144ska, Jan \u0141apka i Wojciech Pe\u0142ka z kl. 3c si\u0119gn\u0119\u0142a po zwyci\u0119stwo w XXIII edycji Szko\u0142y Debaty. Jest to ca\u0142oroczny projekt, polegaj\u0105cy na rywalizacji krakowskich szk\u00f3\u0142 \u015brednich w formacie debaty oksfordzkiej. W fazie pucharowej pokonali\u015bmy najpierw XIV LO, a potem IV LO si\u0119gaj\u0105c po puchar zwyci\u0119stwa. Jeste\u015bmy bardzo dumni z sukcesu, kt\u00f3ry wie\u0144czy kilkuletni\u0105 prac\u0119 szkolnego Ko\u0142a Debat Oksfordzkich. Zwyci\u0119zcom serdecznie gratulujemy i \u017cyczymy dalszych sukces\u00f3w. Podzi\u0119kowania kierujemy tak\u017ce w stron\u0119 Aleksandry Ko\u017alak, tutorki ko\u0142a z ramienia Krakowskiego Stowarzyszenia M\u00f3wc\u00f3w oraz naszej absolwentki. Sztafeta si\u00f3demkowych pokole\u0144 trwa!<\/p>\n<\/div>\n<\/div>\n","protected":false},"excerpt":{"rendered":"<p>Szkolna dru\u017cyna debatancka w sk\u0142adzie Anna Wadowska z kl. 4e, Maja P\u0142azie\u0144ska, Jan \u0141apka i Wojciech Pe\u0142ka z kl. 3c si\u0119gn\u0119\u0142a po zwyci\u0119stwo w XXIII&hellip;<\/p>\n","protected":false},"author":10,"featured_media":0,"comment_status":"closed","ping_status":"closed","sticky":false,"template":"","format":"standard","meta":{"spay_email":""},"categories":[4],"tags":[],"jetpack_featured_media_url":"","_links":{"self":[{"href":"https:\/\/vii-lo.krakow.pl\/index.php?rest_route=\/wp\/v2\/posts\/6659"}],"collection":[{"href":"https:\/\/vii-lo.krakow.pl\/index.php?rest_route=\/wp\/v2\/posts"}],"about":[{"href":"https:\/\/vii-lo.krakow.pl\/index.php?rest_route=\/wp\/v2\/types\/post"}],"author":[{"embeddable":true,"href":"https:\/\/vii-lo.krakow.pl\/index.php?rest_route=\/wp\/v2\/users\/10"}],"replies":[{"embeddable":true,"href":"https:\/\/vii-lo.krakow.pl\/index.php?rest_route=%2Fwp%2Fv2%2Fcomments&post=6659"}],"version-history":[{"count":1,"href":"https:\/\/vii-lo.krakow.pl\/index.php?rest_route=\/wp\/v2\/posts\/6659\/revisions"}],"predecessor-version":[{"id":6661,"href":"https:\/\/vii-lo.krakow.pl\/index.php?rest_route=\/wp\/v2\/posts\/6659\/revisions\/6661"}],"wp:attachment":[{"href":"https:\/\/vii-lo.krakow.pl\/index.php?rest_route=%2Fwp%2Fv2%2Fmedia&parent=6659"}],"wp:term":[{"taxonomy":"category","embeddable":true,"href":"https:\/\/vii-lo.krakow.pl\/index.php?rest_route=%2Fwp%2Fv2%2Fcategories&post=6659"},{"taxonomy":"post_tag","embeddable":true,"href":"https:\/\/vii-lo.krakow.pl\/index.php?rest_route=%2Fwp%2Fv2%2Ftags&post=6659"}],"curies":[{"name":"wp","href":"https:\/\/api.w.org\/{rel}","templated":true}]}}