{"id":6662,"date":"2026-04-30T15:12:00","date_gmt":"2026-04-30T13:12:00","guid":{"rendered":"https:\/\/vii-lo.krakow.pl\/?p=6662"},"modified":"2026-04-30T15:12:03","modified_gmt":"2026-04-30T13:12:03","slug":"mamy-finaliste-ogolnopolskiej-olimpiady-wiedzy-o-panstwie-i-prawie","status":"publish","type":"post","link":"https:\/\/vii-lo.krakow.pl\/?p=6662","title":{"rendered":"Mamy finalist\u0119 Og\u00f3lnopolskiej Olimpiady Wiedzy o Pa\u0144stwie i Prawie"},"content":{"rendered":"\n<div class=\"wp-block-columns\">\n<div class=\"wp-block-column\" style=\"flex-basis:33.33%\">\n<figure class=\"wp-block-image size-full\"><img loading=\"lazy\" width=\"820\" height=\"360\" src=\"https:\/\/vii-lo.krakow.pl\/wp-content\/uploads\/2026\/04\/Olimpiada1.png\" alt=\"\" class=\"wp-image-6663\" srcset=\"https:\/\/vii-lo.krakow.pl\/wp-content\/uploads\/2026\/04\/Olimpiada1.png 820w, https:\/\/vii-lo.krakow.pl\/wp-content\/uploads\/2026\/04\/Olimpiada1-300x132.png 300w, https:\/\/vii-lo.krakow.pl\/wp-content\/uploads\/2026\/04\/Olimpiada1-768x337.png 768w\" sizes=\"(max-width: 820px) 100vw, 820px\" \/><\/figure>\n<\/div>\n\n\n\n<div class=\"wp-block-column\" style=\"flex-basis:66.66%\">\n<p>Jan Gajek, ucze\u0144 klasy 3c zosta\u0142 finalist\u0105 Og\u00f3lnopolskiej Olimpiady Wiedzy o Pa\u0144stwie i Prawie. Znalezienie si\u0119 w elitarnym gronie uczni\u00f3w, kt\u00f3rzy wykazali si\u0119 szerok\u0105 wiedz\u0105 interdyscyplinarn\u0105 i si\u0119gn\u0119li po ten tytu\u0142, gwarantuje Jankowi uprzywilejowan\u0105 pozycj\u0119 podczas rekrutacji na Uniwersytet Jagiello\u0144ski. Serdecznie gratulujemy sukcesu i \u017cyczymy powodzenia w spe\u0142nianiu marze\u0144 na studiach prawniczych.<\/p>\n<\/div>\n<\/div>\n","protected":false},"excerpt":{"rendered":"<p>Jan Gajek, ucze\u0144 klasy 3c zosta\u0142 finalist\u0105 Og\u00f3lnopolskiej Olimpiady Wiedzy o Pa\u0144stwie i Prawie. Znalezienie si\u0119 w elitarnym gronie uczni\u00f3w, kt\u00f3rzy wykazali si\u0119 szerok\u0105 wiedz\u0105&hellip;<\/p>\n","protected":false},"author":10,"featured_media":0,"comment_status":"closed","ping_status":"closed","sticky":false,"template":"","format":"standard","meta":{"spay_email":""},"categories":[4],"tags":[],"jetpack_featured_media_url":"","_links":{"self":[{"href":"https:\/\/vii-lo.krakow.pl\/index.php?rest_route=\/wp\/v2\/posts\/6662"}],"collection":[{"href":"https:\/\/vii-lo.krakow.pl\/index.php?rest_route=\/wp\/v2\/posts"}],"about":[{"href":"https:\/\/vii-lo.krakow.pl\/index.php?rest_route=\/wp\/v2\/types\/post"}],"author":[{"embeddable":true,"href":"https:\/\/vii-lo.krakow.pl\/index.php?rest_route=\/wp\/v2\/users\/10"}],"replies":[{"embeddable":true,"href":"https:\/\/vii-lo.krakow.pl\/index.php?rest_route=%2Fwp%2Fv2%2Fcomments&post=6662"}],"version-history":[{"count":1,"href":"https:\/\/vii-lo.krakow.pl\/index.php?rest_route=\/wp\/v2\/posts\/6662\/revisions"}],"predecessor-version":[{"id":6664,"href":"https:\/\/vii-lo.krakow.pl\/index.php?rest_route=\/wp\/v2\/posts\/6662\/revisions\/6664"}],"wp:attachment":[{"href":"https:\/\/vii-lo.krakow.pl\/index.php?rest_route=%2Fwp%2Fv2%2Fmedia&parent=6662"}],"wp:term":[{"taxonomy":"category","embeddable":true,"href":"https:\/\/vii-lo.krakow.pl\/index.php?rest_route=%2Fwp%2Fv2%2Fcategories&post=6662"},{"taxonomy":"post_tag","embeddable":true,"href":"https:\/\/vii-lo.krakow.pl\/index.php?rest_route=%2Fwp%2Fv2%2Ftags&post=6662"}],"curies":[{"name":"wp","href":"https:\/\/api.w.org\/{rel}","templated":true}]}}