{"id":6728,"date":"2026-04-30T15:38:48","date_gmt":"2026-04-30T13:38:48","guid":{"rendered":"https:\/\/vii-lo.krakow.pl\/?p=6728"},"modified":"2026-04-30T15:38:51","modified_gmt":"2026-04-30T13:38:51","slug":"uroczystosc-zakonczenia-nauki-w-klasach-czwartych","status":"publish","type":"post","link":"https:\/\/vii-lo.krakow.pl\/?p=6728","title":{"rendered":"Uroczysto\u015b\u0107 zako\u0144czenia nauki w klasach czwartych"},"content":{"rendered":"\n<div class=\"wp-block-columns\">\n<div class=\"wp-block-column\" style=\"flex-basis:33.33%\">\n<figure class=\"wp-block-image size-full\"><img loading=\"lazy\" width=\"512\" height=\"512\" src=\"https:\/\/vii-lo.krakow.pl\/wp-content\/uploads\/2021\/01\/ikona_witryny_vii_lo_krakow.jpg\" alt=\"Ikona witryny VII LO w Krakowie\" class=\"wp-image-92\" srcset=\"https:\/\/vii-lo.krakow.pl\/wp-content\/uploads\/2021\/01\/ikona_witryny_vii_lo_krakow.jpg 512w, https:\/\/vii-lo.krakow.pl\/wp-content\/uploads\/2021\/01\/ikona_witryny_vii_lo_krakow-300x300.jpg 300w, https:\/\/vii-lo.krakow.pl\/wp-content\/uploads\/2021\/01\/ikona_witryny_vii_lo_krakow-150x150.jpg 150w\" sizes=\"(max-width: 512px) 100vw, 512px\" \/><\/figure>\n<\/div>\n\n\n\n<div class=\"wp-block-column\" style=\"flex-basis:66.66%\">\n<p>W pi\u0105tek 24 kwietnia 2026 r. uroczy\u015bcie po\u017cegnali\u015bmy naszych czwartoklasist\u00f3w, kt\u00f3rych teraz mo\u017cemy dumnie nazywa\u0107 abiturientami.&nbsp;&nbsp;<\/p>\n\n\n\n<p>Uroczysto\u015b\u0107 swoj\u0105 obecno\u015bci\u0105 zaszczyci\u0142a Pani Ma\u0142opolska Kurator O\u015bwiaty,\u202fdr\u202fGabriela Olszowska. W gronie go\u015bci znalaz\u0142a si\u0119 r\u00f3wnie\u017c Pani Prodziekan ds. Studenckich Politechniki Krakowskiej, prof. dr hab. Katarzyna\u202fGorazda\u202foraz Pani Prezes Rady Rodzic\u00f3w, Sylwia\u202fKwilosz. Wszyscy\u202fgo\u015bcie \u017cyczyli abiturientom szerokich horyzont\u00f3w maturalnych i \u017cyciowych. Z takim baga\u017cem \u017cyczliwo\u015bci na pewno zdob\u0119d\u0105 najwy\u017csze maturalne laury. &nbsp;<br>Dyrektor VII LO Wojciech Zag\u00f3rny uhonorowa\u0142 najwybitniejszych i najbardziej zas\u0142u\u017conych\u202fw wielu dziedzinach absolwent\u00f3w oraz przypomnia\u0142 ich liczne osi\u0105gni\u0119cia.&nbsp;<\/p>\n\n\n\n<p>Po cz\u0119\u015bci oficjalnej uhonorowano, tradycyjnie ju\u017c, wybranych czwartoklasist\u00f3w Zo\u015bkami, czyli nagrodami spo\u0142eczno\u015bci uczniowskiej VII LO, po czym wszyscy delektowali si\u0119 przedstawieniem przygotowanym przez uczni\u00f3w klas\u202f3A i 3C oraz cz\u0142onk\u00f3w ko\u0142a teatralnego pod opiek\u0105 Pani profesor Magdaleny Palacz. Pokazywana publiczno\u015bci historia po\u0142\u0105czy\u0142a w\u0105tki z \u201eDziad\u00f3w\u201d A. Mickiewicza, \u201eWesela\u201d S. Wyspia\u0144skiego oraz \u201eLalki\u201d B. Prusa z maturalnymi l\u0119kami, bol\u0105czkami i nadziejami.\u202f\u202f&nbsp;<\/p>\n\n\n\n<p>Na zako\u0144czenie tego obfitego w wydarzenia dnia maturzy\u015bci po raz ostatni spotkali si\u0119 z wychowawcami, by po\u017cegna\u0107 si\u0119 z \u0142ezk\u0105 w oku oraz odebra\u0107 \u015bwiadectwa uko\u0144czenia liceum. &nbsp;<br>Ciekawe jak d\u0142ugo jeszcze b\u0119dziemy im \u017cyczyli po\u0142amania pi\u00f3r\u202f(a nie klawiatur)\u202fpodczas egzamin\u00f3w\u2026\u202f&nbsp;<\/p>\n<\/div>\n<\/div>\n","protected":false},"excerpt":{"rendered":"<p>W pi\u0105tek 24 kwietnia 2026 r. uroczy\u015bcie po\u017cegnali\u015bmy naszych czwartoklasist\u00f3w, kt\u00f3rych teraz mo\u017cemy dumnie nazywa\u0107 abiturientami.&nbsp;&nbsp; Uroczysto\u015b\u0107 swoj\u0105 obecno\u015bci\u0105 zaszczyci\u0142a Pani Ma\u0142opolska Kurator O\u015bwiaty,\u202fdr\u202fGabriela Olszowska.&hellip;<\/p>\n","protected":false},"author":10,"featured_media":0,"comment_status":"closed","ping_status":"closed","sticky":true,"template":"","format":"standard","meta":{"spay_email":""},"categories":[4],"tags":[],"jetpack_featured_media_url":"","_links":{"self":[{"href":"https:\/\/vii-lo.krakow.pl\/index.php?rest_route=\/wp\/v2\/posts\/6728"}],"collection":[{"href":"https:\/\/vii-lo.krakow.pl\/index.php?rest_route=\/wp\/v2\/posts"}],"about":[{"href":"https:\/\/vii-lo.krakow.pl\/index.php?rest_route=\/wp\/v2\/types\/post"}],"author":[{"embeddable":true,"href":"https:\/\/vii-lo.krakow.pl\/index.php?rest_route=\/wp\/v2\/users\/10"}],"replies":[{"embeddable":true,"href":"https:\/\/vii-lo.krakow.pl\/index.php?rest_route=%2Fwp%2Fv2%2Fcomments&post=6728"}],"version-history":[{"count":1,"href":"https:\/\/vii-lo.krakow.pl\/index.php?rest_route=\/wp\/v2\/posts\/6728\/revisions"}],"predecessor-version":[{"id":6729,"href":"https:\/\/vii-lo.krakow.pl\/index.php?rest_route=\/wp\/v2\/posts\/6728\/revisions\/6729"}],"wp:attachment":[{"href":"https:\/\/vii-lo.krakow.pl\/index.php?rest_route=%2Fwp%2Fv2%2Fmedia&parent=6728"}],"wp:term":[{"taxonomy":"category","embeddable":true,"href":"https:\/\/vii-lo.krakow.pl\/index.php?rest_route=%2Fwp%2Fv2%2Fcategories&post=6728"},{"taxonomy":"post_tag","embeddable":true,"href":"https:\/\/vii-lo.krakow.pl\/index.php?rest_route=%2Fwp%2Fv2%2Ftags&post=6728"}],"curies":[{"name":"wp","href":"https:\/\/api.w.org\/{rel}","templated":true}]}}