{"id":6730,"date":"2026-04-30T15:42:23","date_gmt":"2026-04-30T13:42:23","guid":{"rendered":"https:\/\/vii-lo.krakow.pl\/?p=6730"},"modified":"2026-04-30T15:43:26","modified_gmt":"2026-04-30T13:43:26","slug":"6730","status":"publish","type":"post","link":"https:\/\/vii-lo.krakow.pl\/?p=6730","title":{"rendered":"Julia Socci zdobywczyni\u0105 tytu\u0142u laureatki w Konkursie \u201e8 Wspania\u0142ych\u201d"},"content":{"rendered":"\n<div class=\"wp-block-columns\">\n<div class=\"wp-block-column\" style=\"flex-basis:33.33%\">\n<div class=\"wp-block-jetpack-slideshow aligncenter\" data-autoplay=\"true\" data-delay=\"3\" data-effect=\"slide\"><div class=\"wp-block-jetpack-slideshow_container swiper-container\"><ul class=\"wp-block-jetpack-slideshow_swiper-wrapper swiper-wrapper\"><li class=\"wp-block-jetpack-slideshow_slide swiper-slide\"><figure><img loading=\"lazy\" width=\"576\" height=\"1024\" alt=\"\" class=\"wp-block-jetpack-slideshow_image wp-image-6731\" data-id=\"6731\" src=\"https:\/\/vii-lo.krakow.pl\/wp-content\/uploads\/2026\/04\/Image-41.jpg\" srcset=\"https:\/\/vii-lo.krakow.pl\/wp-content\/uploads\/2026\/04\/Image-41.jpg 576w, https:\/\/vii-lo.krakow.pl\/wp-content\/uploads\/2026\/04\/Image-41-169x300.jpg 169w\" sizes=\"(max-width: 576px) 100vw, 576px\" \/><\/figure><\/li><li class=\"wp-block-jetpack-slideshow_slide swiper-slide\"><figure><img loading=\"lazy\" width=\"576\" height=\"1024\" alt=\"\" class=\"wp-block-jetpack-slideshow_image wp-image-6732\" data-id=\"6732\" src=\"https:\/\/vii-lo.krakow.pl\/wp-content\/uploads\/2026\/04\/Image-40.jpg\" srcset=\"https:\/\/vii-lo.krakow.pl\/wp-content\/uploads\/2026\/04\/Image-40.jpg 576w, https:\/\/vii-lo.krakow.pl\/wp-content\/uploads\/2026\/04\/Image-40-169x300.jpg 169w\" sizes=\"(max-width: 576px) 100vw, 576px\" \/><\/figure><\/li><li class=\"wp-block-jetpack-slideshow_slide swiper-slide\"><figure><img loading=\"lazy\" width=\"576\" height=\"1024\" alt=\"\" class=\"wp-block-jetpack-slideshow_image wp-image-6733\" data-id=\"6733\" src=\"https:\/\/vii-lo.krakow.pl\/wp-content\/uploads\/2026\/04\/Image-39.jpg\" srcset=\"https:\/\/vii-lo.krakow.pl\/wp-content\/uploads\/2026\/04\/Image-39.jpg 576w, https:\/\/vii-lo.krakow.pl\/wp-content\/uploads\/2026\/04\/Image-39-169x300.jpg 169w\" sizes=\"(max-width: 576px) 100vw, 576px\" \/><\/figure><\/li><li class=\"wp-block-jetpack-slideshow_slide swiper-slide\"><figure><img loading=\"lazy\" width=\"576\" height=\"1024\" alt=\"\" class=\"wp-block-jetpack-slideshow_image wp-image-6734\" data-id=\"6734\" src=\"https:\/\/vii-lo.krakow.pl\/wp-content\/uploads\/2026\/04\/Image-38.jpg\" srcset=\"https:\/\/vii-lo.krakow.pl\/wp-content\/uploads\/2026\/04\/Image-38.jpg 576w, https:\/\/vii-lo.krakow.pl\/wp-content\/uploads\/2026\/04\/Image-38-169x300.jpg 169w\" sizes=\"(max-width: 576px) 100vw, 576px\" \/><\/figure><\/li><li class=\"wp-block-jetpack-slideshow_slide swiper-slide\"><figure><img loading=\"lazy\" width=\"576\" height=\"1024\" alt=\"\" class=\"wp-block-jetpack-slideshow_image wp-image-6735\" data-id=\"6735\" src=\"https:\/\/vii-lo.krakow.pl\/wp-content\/uploads\/2026\/04\/Image-37.jpg\" srcset=\"https:\/\/vii-lo.krakow.pl\/wp-content\/uploads\/2026\/04\/Image-37.jpg 576w, https:\/\/vii-lo.krakow.pl\/wp-content\/uploads\/2026\/04\/Image-37-169x300.jpg 169w\" sizes=\"(max-width: 576px) 100vw, 576px\" \/><\/figure><\/li><li class=\"wp-block-jetpack-slideshow_slide swiper-slide\"><figure><img loading=\"lazy\" width=\"576\" height=\"1024\" alt=\"\" class=\"wp-block-jetpack-slideshow_image wp-image-6736\" data-id=\"6736\" src=\"https:\/\/vii-lo.krakow.pl\/wp-content\/uploads\/2026\/04\/Image-36.jpg\" srcset=\"https:\/\/vii-lo.krakow.pl\/wp-content\/uploads\/2026\/04\/Image-36.jpg 576w, https:\/\/vii-lo.krakow.pl\/wp-content\/uploads\/2026\/04\/Image-36-169x300.jpg 169w\" sizes=\"(max-width: 576px) 100vw, 576px\" \/><\/figure><\/li><li class=\"wp-block-jetpack-slideshow_slide swiper-slide\"><figure><img loading=\"lazy\" width=\"576\" height=\"1024\" alt=\"\" class=\"wp-block-jetpack-slideshow_image wp-image-6737\" data-id=\"6737\" src=\"https:\/\/vii-lo.krakow.pl\/wp-content\/uploads\/2026\/04\/Image-35.jpg\" srcset=\"https:\/\/vii-lo.krakow.pl\/wp-content\/uploads\/2026\/04\/Image-35.jpg 576w, https:\/\/vii-lo.krakow.pl\/wp-content\/uploads\/2026\/04\/Image-35-169x300.jpg 169w\" sizes=\"(max-width: 576px) 100vw, 576px\" \/><\/figure><\/li><\/ul><a class=\"wp-block-jetpack-slideshow_button-prev swiper-button-prev swiper-button-white\" role=\"button\"><\/a><a class=\"wp-block-jetpack-slideshow_button-next swiper-button-next swiper-button-white\" role=\"button\"><\/a><a aria-label=\"Pause Slideshow\" class=\"wp-block-jetpack-slideshow_button-pause\" role=\"button\"><\/a><div class=\"wp-block-jetpack-slideshow_pagination swiper-pagination swiper-pagination-white\"><\/div><\/div><\/div>\n<\/div>\n\n\n\n<div class=\"wp-block-column\" style=\"flex-basis:66.66%\">\n<p>Z ogromn\u0105 rado\u015bci\u0105 pragniemy poinformowa\u0107, \u017ce przewodnicz\u0105ca naszego Samorz\u0105du Uczniowskiego, Julia Socci jest zdobywczyni\u0105 presti\u017cowego tytu\u0142u laureatki w Samorz\u0105dowym Konkursie Nastolatk\u00f3w \u201e8 Wspania\u0142ych\u201d.\u00a0\u00a0<\/p>\n\n\n\n<p>\u201e8 Wspania\u0142ych\u201d to konkurs skierowany do m\u0142odych ludzi w wieku od 14 do 19 lat ucz\u0105cych si\u0119 w Krakowie, wyr\u00f3\u017cniaj\u0105cych si\u0119 determinacj\u0105 w pomaganiu potrzebuj\u0105cym, podejmowaniu s\u0142u\u017cby na rzecz spo\u0142ecze\u0144stwa i \u015brodowiska, odwag\u0105 w obronie dobra i prawdy oraz nienagann\u0105 postaw\u0105 w \u017cyciu codziennym. Konkurs jest organizowany od 1994 r.&nbsp;<\/p>\n\n\n\n<p>Julia dzia\u0142a w wolontariacie od siedmiu lat. Kapitu\u0142a doceni\u0142a jej starania na rzecz potrzebuj\u0105cych. Przewodnicz\u0105cy Jury, pan Jerzy Hausner, na jubileuszowej gali konkursu podkre\u015bli\u0142 zas\u0142ugi Julii w ostatnim roku jej dzia\u0142alno\u015bci.&nbsp;<\/p>\n\n\n\n<p>I my w Si\u00f3demce doskonale o tym wiemy!&nbsp;<\/p>\n\n\n\n<p>To z jej inicjatywy odby\u0142 si\u0119 Bal Walentynkowy, Akcja \u201eZnicz\u201d, \u201eKartka \u015bwi\u0105teczna dla Seniora\u201d. Opr\u00f3cz tego wsp\u00f3\u0142organizowa\u0142a Si\u00f3demkow\u0105 Szlachetn\u0105 Paczk\u0119 dla dw\u00f3ch rodzin. Na rzecz Fundacji Alma Spei przygotowa\u0142a i poprowadzi\u0142a Wielki Si\u00f3demkowy&nbsp; Koncert Charytatywny (samorz\u0105d pod jej kierunkiem pozyska\u0142 \u015brodki na ten cel z programu Suwak).&nbsp;&nbsp;<\/p>\n\n\n\n<p>Julia aktywnie uczestniczy w dzia\u0142aniach M\u0142odzie\u017cowej Rady Miasta i Samorz\u0105d\u00f3w Krakowskich Szk\u00f3\u0142 \u015arednich, a tak\u017ce w Krakowskiej Akademii Wolontariusza w Akcji (KAWA), gdzie jest wiceprzewodnicz\u0105c\u0105. W roku szkolnym 2025\/2026 by\u0142a M\u0142odzie\u017cow\u0105 Ambasadork\u0105 Bud\u017cetu Obywatelskiego Miasta Krakowa i wsp\u00f3\u0142prowadzi\u0142a szkolenia dla 1500 os\u00f3b w szko\u0142ach. Dzia\u0142a w zarz\u0105dzie\u202f<em>Open Coffee Youth<\/em>, jest wolontariuszk\u0105 Fundacji \u201eMimo Wszystko\u201d. Rozwija si\u0119 edukacyjnie, b\u0119d\u0105c finalistk\u0105 konferencji M\u0142odych Chemik\u00f3w na UJ czy realizuj\u0105c kurs<em>\u202f\u201eNeuroscience I\u201d International Youth Neuroscience Association<\/em>.&nbsp;<\/p>\n\n\n\n<p>Julio, serdecznie Ci GRATULUJEMY i trzymamy kciuki za Tw\u00f3j udzia\u0142 w nast\u0119pnym etapie konkursu, kt\u00f3ry odb\u0119dzie si\u0119 w czerwcu w Toruniu.\u00a0<\/p>\n<\/div>\n<\/div>\n","protected":false},"excerpt":{"rendered":"<p>Z ogromn\u0105 rado\u015bci\u0105 pragniemy poinformowa\u0107, \u017ce przewodnicz\u0105ca naszego Samorz\u0105du Uczniowskiego, Julia Socci jest zdobywczyni\u0105 presti\u017cowego tytu\u0142u laureatki w Samorz\u0105dowym Konkursie Nastolatk\u00f3w \u201e8 Wspania\u0142ych\u201d.\u00a0\u00a0 \u201e8 Wspania\u0142ych\u201d&hellip;<\/p>\n","protected":false},"author":10,"featured_media":0,"comment_status":"closed","ping_status":"closed","sticky":false,"template":"","format":"standard","meta":{"spay_email":""},"categories":[4],"tags":[],"jetpack_featured_media_url":"","_links":{"self":[{"href":"https:\/\/vii-lo.krakow.pl\/index.php?rest_route=\/wp\/v2\/posts\/6730"}],"collection":[{"href":"https:\/\/vii-lo.krakow.pl\/index.php?rest_route=\/wp\/v2\/posts"}],"about":[{"href":"https:\/\/vii-lo.krakow.pl\/index.php?rest_route=\/wp\/v2\/types\/post"}],"author":[{"embeddable":true,"href":"https:\/\/vii-lo.krakow.pl\/index.php?rest_route=\/wp\/v2\/users\/10"}],"replies":[{"embeddable":true,"href":"https:\/\/vii-lo.krakow.pl\/index.php?rest_route=%2Fwp%2Fv2%2Fcomments&post=6730"}],"version-history":[{"count":2,"href":"https:\/\/vii-lo.krakow.pl\/index.php?rest_route=\/wp\/v2\/posts\/6730\/revisions"}],"predecessor-version":[{"id":6740,"href":"https:\/\/vii-lo.krakow.pl\/index.php?rest_route=\/wp\/v2\/posts\/6730\/revisions\/6740"}],"wp:attachment":[{"href":"https:\/\/vii-lo.krakow.pl\/index.php?rest_route=%2Fwp%2Fv2%2Fmedia&parent=6730"}],"wp:term":[{"taxonomy":"category","embeddable":true,"href":"https:\/\/vii-lo.krakow.pl\/index.php?rest_route=%2Fwp%2Fv2%2Fcategories&post=6730"},{"taxonomy":"post_tag","embeddable":true,"href":"https:\/\/vii-lo.krakow.pl\/index.php?rest_route=%2Fwp%2Fv2%2Ftags&post=6730"}],"curies":[{"name":"wp","href":"https:\/\/api.w.org\/{rel}","templated":true}]}}