{"id":6742,"date":"2026-04-30T15:47:39","date_gmt":"2026-04-30T13:47:39","guid":{"rendered":"https:\/\/vii-lo.krakow.pl\/?p=6742"},"modified":"2026-04-30T15:47:42","modified_gmt":"2026-04-30T13:47:42","slug":"wygrana-w-ix-ogolnopolskim-booktrailer-film-festivalu","status":"publish","type":"post","link":"https:\/\/vii-lo.krakow.pl\/?p=6742","title":{"rendered":"Wygrana w IX Og\u00f3lnopolskim Booktrailer Film Festivalu"},"content":{"rendered":"\n<div class=\"wp-block-columns\">\n<div class=\"wp-block-column\" style=\"flex-basis:33.33%\">\n<div class=\"wp-block-jetpack-slideshow aligncenter\" data-effect=\"slide\"><div class=\"wp-block-jetpack-slideshow_container swiper-container\"><ul class=\"wp-block-jetpack-slideshow_swiper-wrapper swiper-wrapper\"><li class=\"wp-block-jetpack-slideshow_slide swiper-slide\"><figure><img loading=\"lazy\" width=\"768\" height=\"1024\" alt=\"\" class=\"wp-block-jetpack-slideshow_image wp-image-6745\" data-id=\"6745\" src=\"https:\/\/vii-lo.krakow.pl\/wp-content\/uploads\/2026\/04\/IMG_4588-1-768x1024.jpeg\" srcset=\"https:\/\/vii-lo.krakow.pl\/wp-content\/uploads\/2026\/04\/IMG_4588-1-768x1024.jpeg 768w, https:\/\/vii-lo.krakow.pl\/wp-content\/uploads\/2026\/04\/IMG_4588-1-225x300.jpeg 225w, https:\/\/vii-lo.krakow.pl\/wp-content\/uploads\/2026\/04\/IMG_4588-1-1152x1536.jpeg 1152w, https:\/\/vii-lo.krakow.pl\/wp-content\/uploads\/2026\/04\/IMG_4588-1-1536x2048.jpeg 1536w, https:\/\/vii-lo.krakow.pl\/wp-content\/uploads\/2026\/04\/IMG_4588-1-scaled.jpeg 1920w\" sizes=\"(max-width: 768px) 100vw, 768px\" \/><\/figure><\/li><li class=\"wp-block-jetpack-slideshow_slide swiper-slide\"><figure><img loading=\"lazy\" width=\"814\" height=\"760\" alt=\"\" class=\"wp-block-jetpack-slideshow_image wp-image-6744\" data-id=\"6744\" src=\"https:\/\/vii-lo.krakow.pl\/wp-content\/uploads\/2026\/04\/Zdjecie-2.png\" srcset=\"https:\/\/vii-lo.krakow.pl\/wp-content\/uploads\/2026\/04\/Zdjecie-2.png 814w, https:\/\/vii-lo.krakow.pl\/wp-content\/uploads\/2026\/04\/Zdjecie-2-300x280.png 300w, https:\/\/vii-lo.krakow.pl\/wp-content\/uploads\/2026\/04\/Zdjecie-2-768x717.png 768w\" sizes=\"(max-width: 814px) 100vw, 814px\" \/><\/figure><\/li><li class=\"wp-block-jetpack-slideshow_slide swiper-slide\"><figure><img loading=\"lazy\" width=\"766\" height=\"761\" alt=\"\" class=\"wp-block-jetpack-slideshow_image wp-image-6743\" data-id=\"6743\" src=\"https:\/\/vii-lo.krakow.pl\/wp-content\/uploads\/2026\/04\/Zdjecie-3.png\" srcset=\"https:\/\/vii-lo.krakow.pl\/wp-content\/uploads\/2026\/04\/Zdjecie-3.png 766w, https:\/\/vii-lo.krakow.pl\/wp-content\/uploads\/2026\/04\/Zdjecie-3-300x298.png 300w, https:\/\/vii-lo.krakow.pl\/wp-content\/uploads\/2026\/04\/Zdjecie-3-150x150.png 150w\" sizes=\"(max-width: 766px) 100vw, 766px\" \/><\/figure><\/li><\/ul><a class=\"wp-block-jetpack-slideshow_button-prev swiper-button-prev swiper-button-white\" role=\"button\"><\/a><a class=\"wp-block-jetpack-slideshow_button-next swiper-button-next swiper-button-white\" role=\"button\"><\/a><a aria-label=\"Pause Slideshow\" class=\"wp-block-jetpack-slideshow_button-pause\" role=\"button\"><\/a><div class=\"wp-block-jetpack-slideshow_pagination swiper-pagination swiper-pagination-white\"><\/div><\/div><\/div>\n<\/div>\n\n\n\n<div class=\"wp-block-column\" style=\"flex-basis:66.66%\">\n<p>Z rado\u015bci\u0105 informujemy, \u017ce uczniowie klasy 3d \u2013 Gleb Warmachowski i Szymon Niemiec \u2013 zdobyli III miejsce w <strong>IX Og\u00f3lnopolskim Booktrailer Film Festivalu<\/strong> za przygotowanie booktrailera do powie\u015bci \u201eZbrodnia i kara\u201d Fiodora Dostojewskiego. Ich film zosta\u0142 jednocze\u015bnie zakwalifikowany do etapu mi\u0119dzynarodowego &#8211;<strong> mo\u017cna go obejrze\u0107 tutaj:<\/strong><\/p>\n\n\n\n<div class=\"wp-block-buttons\">\n<div class=\"wp-block-button\"><a class=\"wp-block-button__link\" href=\"https:\/\/youtu.be\/tuVAD6JXo5o\" target=\"_blank\" rel=\"noreferrer noopener\">Zobacz nagrodzony film<\/a><\/div>\n<\/div>\n\n\n\n<p>Uroczysta gala podsumowuj\u0105ca etap og\u00f3lnopolski odby\u0142a si\u0119 <strong>10 kwietnia 2026 roku&nbsp;<\/strong>na <strong>Wydziale Nauk o Komunikacji Uniwersytetu Papieskiego Jana Paw\u0142a II w Krakowie<\/strong>, gdzie wr\u0119czono nagrody laureatom konkursu.<\/p>\n\n\n\n<p>Booktrailer Film Festival &nbsp;promuje czytelnictwo w\u015br\u00f3d m\u0142odzie\u017cy oraz rozwija kreatywno\u015b\u0107 poprzez \u0142\u0105czenie literatury z form\u0105 filmow\u0105. Zadaniem uczestnik\u00f3w by\u0142o stworzenie kr\u00f3tkiego filmu zach\u0119caj\u0105cego do si\u0119gni\u0119cia po wybran\u0105 ksi\u0105\u017ck\u0119 \u2013 nasi uczniowie podj\u0119li to wyzwanie w spos\u00f3b niezwykle dojrza\u0142y i tw\u00f3rczy, pracuj\u0105c pod opiek\u0105 pana profesora Kacpra Szewczyka.<\/p>\n\n\n\n<p>Ich praca zosta\u0142a bardzo wysoko oceniona przez jury, kt\u00f3re szczeg\u00f3lnie doceni\u0142o niespotykan\u0105 dot\u0105d koncepcj\u0119, wyra\u017anie wyr\u00f3\u017cniaj\u0105c\u0105 si\u0119 spo\u015br\u00f3d innych zg\u0142osze\u0144. Podkre\u015blono r\u00f3wnie\u017c oryginalne podej\u015bcie do interpretacji utworu, umiej\u0119tne budowanie napi\u0119cia oraz \u015bwiadome operowanie obrazem. Na uznanie zas\u0142u\u017cy\u0142y tak\u017ce wysoki poziom monta\u017cu, przemy\u015blane kadry, ciekawa praca kamery oraz dba\u0142o\u015b\u0107 o detale, kt\u00f3re razem stworzy\u0142y sp\u00f3jn\u0105 i sugestywn\u0105 ca\u0142o\u015b\u0107.<\/p>\n\n\n\n<p>To osi\u0105gni\u0119cie bez w\u0105tpienia jest efektem talentu, zaanga\u017cowania i pasji. Uczniowie udowodnili, \u017ce klasyczna literatura mo\u017ce sta\u0107 si\u0119 inspiracj\u0105 do nowoczesnych, intryguj\u0105cych form wypowiedzi artystycznej.<\/p>\n\n\n\n<p>Serdecznie gratulujemy Glebowi i Szymonowi!<\/p>\n<\/div>\n<\/div>\n","protected":false},"excerpt":{"rendered":"<p>Z rado\u015bci\u0105 informujemy, \u017ce uczniowie klasy 3d \u2013 Gleb Warmachowski i Szymon Niemiec \u2013 zdobyli III miejsce w IX Og\u00f3lnopolskim Booktrailer Film Festivalu za przygotowanie&hellip;<\/p>\n","protected":false},"author":10,"featured_media":0,"comment_status":"closed","ping_status":"closed","sticky":false,"template":"","format":"standard","meta":{"spay_email":""},"categories":[4],"tags":[],"jetpack_featured_media_url":"","_links":{"self":[{"href":"https:\/\/vii-lo.krakow.pl\/index.php?rest_route=\/wp\/v2\/posts\/6742"}],"collection":[{"href":"https:\/\/vii-lo.krakow.pl\/index.php?rest_route=\/wp\/v2\/posts"}],"about":[{"href":"https:\/\/vii-lo.krakow.pl\/index.php?rest_route=\/wp\/v2\/types\/post"}],"author":[{"embeddable":true,"href":"https:\/\/vii-lo.krakow.pl\/index.php?rest_route=\/wp\/v2\/users\/10"}],"replies":[{"embeddable":true,"href":"https:\/\/vii-lo.krakow.pl\/index.php?rest_route=%2Fwp%2Fv2%2Fcomments&post=6742"}],"version-history":[{"count":1,"href":"https:\/\/vii-lo.krakow.pl\/index.php?rest_route=\/wp\/v2\/posts\/6742\/revisions"}],"predecessor-version":[{"id":6746,"href":"https:\/\/vii-lo.krakow.pl\/index.php?rest_route=\/wp\/v2\/posts\/6742\/revisions\/6746"}],"wp:attachment":[{"href":"https:\/\/vii-lo.krakow.pl\/index.php?rest_route=%2Fwp%2Fv2%2Fmedia&parent=6742"}],"wp:term":[{"taxonomy":"category","embeddable":true,"href":"https:\/\/vii-lo.krakow.pl\/index.php?rest_route=%2Fwp%2Fv2%2Fcategories&post=6742"},{"taxonomy":"post_tag","embeddable":true,"href":"https:\/\/vii-lo.krakow.pl\/index.php?rest_route=%2Fwp%2Fv2%2Ftags&post=6742"}],"curies":[{"name":"wp","href":"https:\/\/api.w.org\/{rel}","templated":true}]}}