{"id":7167,"date":"2026-08-25T15:34:55","date_gmt":"2026-08-25T13:34:55","guid":{"rendered":"https:\/\/vii-lo.krakow.pl\/?p=7167"},"modified":"2026-09-01T20:12:48","modified_gmt":"2026-09-01T18:12:48","slug":"rozpoczecie-roku-szkolnego-2026-2027","status":"publish","type":"post","link":"https:\/\/vii-lo.krakow.pl\/?p=7167","title":{"rendered":"Rozpocz\u0119cie roku szkolnego 2026\/2027"},"content":{"rendered":"<p><a href=\"https:\/\/vii-lo.krakow.pl\/wp-content\/uploads\/2026\/08\/Rozpoczecie-roku-szkolnego-2026-27.pdf\"><strong>SZCZEG\u00d3\u0141OWY HARMONOGRAM UROCZYSTO\u015aCI<\/strong><\/a><\/p>\n<p>Szanowni Pa\u0144stwo!<\/p>\n<p>Rozpocz\u0119cie nowego roku szkolnego w VII LO w Krakowie odb\u0119dzie si\u0119 wg nast\u0119puj\u0105cego porz\u0105dku:<\/p>\n<p>8.30&nbsp; &#8211; Inauguracja roku szkolnego dla uczni\u00f3w klas drugiej, trzeciej i czwartej w Centrum Sportu i Kultury.<\/p>\n<p>10.00 &#8211; Msza \u015aw. w Ko\u015bciele NMP z Lourdes (do udzia\u0142u zaproszenie s\u0105 wszyscy cz\u0142onkowie spo\u0142eczno\u015bci szkolnej VII LO).<\/p>\n<p>11.00 &#8211; Inauguracja roku szkolnego dla uczni\u00f3w klasy pierwszej w Centrum Sportu i Kultury (hala sportowa).<\/p>\n<p>Uczni\u00f3w grupy rekrutacyjnej F1,F2 prosimy o pozostanie w hali po zako\u0144czeniu inauguracji w celu zapoznania si\u0119 z podzia\u0142em na oddzia\u0142y i poznania wychowawc\u00f3w oddzia\u0142\u00f3w.<\/p>\n<p style=\"text-align: center;\">\n","protected":false},"excerpt":{"rendered":"<p>SZCZEG\u00d3\u0141OWY HARMONOGRAM UROCZYSTO\u015aCI Szanowni Pa\u0144stwo! Rozpocz\u0119cie nowego roku szkolnego w VII LO w Krakowie odb\u0119dzie si\u0119 wg nast\u0119puj\u0105cego porz\u0105dku: 8.30&nbsp; &#8211; Inauguracja roku szkolnego dla&hellip;<\/p>\n","protected":false},"author":6,"featured_media":0,"comment_status":"closed","ping_status":"closed","sticky":false,"template":"","format":"standard","meta":{"spay_email":""},"categories":[4],"tags":[],"jetpack_featured_media_url":"","_links":{"self":[{"href":"https:\/\/vii-lo.krakow.pl\/index.php?rest_route=\/wp\/v2\/posts\/7167"}],"collection":[{"href":"https:\/\/vii-lo.krakow.pl\/index.php?rest_route=\/wp\/v2\/posts"}],"about":[{"href":"https:\/\/vii-lo.krakow.pl\/index.php?rest_route=\/wp\/v2\/types\/post"}],"author":[{"embeddable":true,"href":"https:\/\/vii-lo.krakow.pl\/index.php?rest_route=\/wp\/v2\/users\/6"}],"replies":[{"embeddable":true,"href":"https:\/\/vii-lo.krakow.pl\/index.php?rest_route=%2Fwp%2Fv2%2Fcomments&post=7167"}],"version-history":[{"count":7,"href":"https:\/\/vii-lo.krakow.pl\/index.php?rest_route=\/wp\/v2\/posts\/7167\/revisions"}],"predecessor-version":[{"id":7180,"href":"https:\/\/vii-lo.krakow.pl\/index.php?rest_route=\/wp\/v2\/posts\/7167\/revisions\/7180"}],"wp:attachment":[{"href":"https:\/\/vii-lo.krakow.pl\/index.php?rest_route=%2Fwp%2Fv2%2Fmedia&parent=7167"}],"wp:term":[{"taxonomy":"category","embeddable":true,"href":"https:\/\/vii-lo.krakow.pl\/index.php?rest_route=%2Fwp%2Fv2%2Fcategories&post=7167"},{"taxonomy":"post_tag","embeddable":true,"href":"https:\/\/vii-lo.krakow.pl\/index.php?rest_route=%2Fwp%2Fv2%2Ftags&post=7167"}],"curies":[{"name":"wp","href":"https:\/\/api.w.org\/{rel}","templated":true}]}}