{"id":7176,"date":"2026-09-01T20:11:34","date_gmt":"2026-09-01T18:11:34","guid":{"rendered":"https:\/\/vii-lo.krakow.pl\/?p=7176"},"modified":"2026-09-01T20:11:36","modified_gmt":"2026-09-01T18:11:36","slug":"gielda-uzywanych-podrecznikow-3","status":"publish","type":"post","link":"https:\/\/vii-lo.krakow.pl\/?p=7176","title":{"rendered":"Gie\u0142da u\u017cywanych podr\u0119cznik\u00f3w"},"content":{"rendered":"\n<div class=\"wp-block-columns\">\n<div class=\"wp-block-column\" style=\"flex-basis:33.33%\">\n<figure class=\"wp-block-image size-large\"><img loading=\"lazy\" width=\"1024\" height=\"538\" src=\"https:\/\/vii-lo.krakow.pl\/wp-content\/uploads\/2026\/09\/1-1024x538.png\" alt=\"\" class=\"wp-image-7177\" srcset=\"https:\/\/vii-lo.krakow.pl\/wp-content\/uploads\/2026\/09\/1-1024x538.png 1024w, https:\/\/vii-lo.krakow.pl\/wp-content\/uploads\/2026\/09\/1-300x158.png 300w, https:\/\/vii-lo.krakow.pl\/wp-content\/uploads\/2026\/09\/1-768x403.png 768w, https:\/\/vii-lo.krakow.pl\/wp-content\/uploads\/2026\/09\/1.png 1200w\" sizes=\"(max-width: 1024px) 100vw, 1024px\" \/><\/figure>\n<\/div>\n\n\n\n<div class=\"wp-block-column\" style=\"flex-basis:66.66%\">\n<p>Gie\u0142da u\u017cywanych podr\u0119cznik\u00f3w szkolnych odb\u0119dzie si\u0119 w pi\u0105tek 4 wrze\u015bnia.<br>Podr\u0119czniki b\u0119dzie mo\u017cna sprzeda\u0107 i\/lub kupi\u0107 na szkolnym patio w dw\u00f3ch turach:<br>11.40 \u2013 12.10<br>12.40 \u2013 13.10<br>Serdecznie zapraszamy wszystkich uczni\u00f3w i absolwent\u00f3w Si\u00f3demki!<\/p>\n<\/div>\n<\/div>\n","protected":false},"excerpt":{"rendered":"<p>Gie\u0142da u\u017cywanych podr\u0119cznik\u00f3w szkolnych odb\u0119dzie si\u0119 w pi\u0105tek 4 wrze\u015bnia.Podr\u0119czniki b\u0119dzie mo\u017cna sprzeda\u0107 i\/lub kupi\u0107 na szkolnym patio w dw\u00f3ch turach:11.40 \u2013 12.1012.40 \u2013 13.10Serdecznie&hellip;<\/p>\n","protected":false},"author":10,"featured_media":0,"comment_status":"closed","ping_status":"closed","sticky":false,"template":"","format":"standard","meta":{"spay_email":""},"categories":[4],"tags":[],"jetpack_featured_media_url":"","_links":{"self":[{"href":"https:\/\/vii-lo.krakow.pl\/index.php?rest_route=\/wp\/v2\/posts\/7176"}],"collection":[{"href":"https:\/\/vii-lo.krakow.pl\/index.php?rest_route=\/wp\/v2\/posts"}],"about":[{"href":"https:\/\/vii-lo.krakow.pl\/index.php?rest_route=\/wp\/v2\/types\/post"}],"author":[{"embeddable":true,"href":"https:\/\/vii-lo.krakow.pl\/index.php?rest_route=\/wp\/v2\/users\/10"}],"replies":[{"embeddable":true,"href":"https:\/\/vii-lo.krakow.pl\/index.php?rest_route=%2Fwp%2Fv2%2Fcomments&post=7176"}],"version-history":[{"count":2,"href":"https:\/\/vii-lo.krakow.pl\/index.php?rest_route=\/wp\/v2\/posts\/7176\/revisions"}],"predecessor-version":[{"id":7179,"href":"https:\/\/vii-lo.krakow.pl\/index.php?rest_route=\/wp\/v2\/posts\/7176\/revisions\/7179"}],"wp:attachment":[{"href":"https:\/\/vii-lo.krakow.pl\/index.php?rest_route=%2Fwp%2Fv2%2Fmedia&parent=7176"}],"wp:term":[{"taxonomy":"category","embeddable":true,"href":"https:\/\/vii-lo.krakow.pl\/index.php?rest_route=%2Fwp%2Fv2%2Fcategories&post=7176"},{"taxonomy":"post_tag","embeddable":true,"href":"https:\/\/vii-lo.krakow.pl\/index.php?rest_route=%2Fwp%2Fv2%2Ftags&post=7176"}],"curies":[{"name":"wp","href":"https:\/\/api.w.org\/{rel}","templated":true}]}}