{"id":7185,"date":"2026-06-22T10:35:00","date_gmt":"2026-06-22T08:35:00","guid":{"rendered":"https:\/\/vii-lo.krakow.pl\/?p=7185"},"modified":"2026-09-02T10:47:50","modified_gmt":"2026-09-02T08:47:50","slug":"sukcesy-uczniow-klasy-4e-w-ogolnopolskich-olimpiadach","status":"publish","type":"post","link":"https:\/\/vii-lo.krakow.pl\/?p=7185","title":{"rendered":"Sukcesy uczni\u00f3w klasy 4E w og\u00f3lnopolskich olimpiadach"},"content":{"rendered":"\r\n<div class=\"wp-block-columns\">\r\n<div class=\"wp-block-column\" style=\"flex-basis:33.33%\">\r\n<div class=\"wp-block-jetpack-slideshow aligncenter\" data-effect=\"slide\"><div class=\"wp-block-jetpack-slideshow_container swiper-container\"><ul class=\"wp-block-jetpack-slideshow_swiper-wrapper swiper-wrapper\"><li class=\"wp-block-jetpack-slideshow_slide swiper-slide\"><figure><img loading=\"lazy\" width=\"768\" height=\"1024\" alt=\"\" class=\"wp-block-jetpack-slideshow_image wp-image-7190\" data-id=\"7190\" src=\"https:\/\/vii-lo.krakow.pl\/wp-content\/uploads\/2026\/09\/zdje\u0328cie-1-768x1024.jpg\" srcset=\"https:\/\/vii-lo.krakow.pl\/wp-content\/uploads\/2026\/09\/zdje\u0328cie-1-768x1024.jpg 768w, https:\/\/vii-lo.krakow.pl\/wp-content\/uploads\/2026\/09\/zdje\u0328cie-1-225x300.jpg 225w, https:\/\/vii-lo.krakow.pl\/wp-content\/uploads\/2026\/09\/zdje\u0328cie-1-1152x1536.jpg 1152w, https:\/\/vii-lo.krakow.pl\/wp-content\/uploads\/2026\/09\/zdje\u0328cie-1-1536x2048.jpg 1536w, https:\/\/vii-lo.krakow.pl\/wp-content\/uploads\/2026\/09\/zdje\u0328cie-1-scaled.jpg 1920w\" sizes=\"(max-width: 768px) 100vw, 768px\" \/><\/figure><\/li><li class=\"wp-block-jetpack-slideshow_slide swiper-slide\"><figure><img loading=\"lazy\" width=\"768\" height=\"1024\" alt=\"\" class=\"wp-block-jetpack-slideshow_image wp-image-7189\" data-id=\"7189\" src=\"https:\/\/vii-lo.krakow.pl\/wp-content\/uploads\/2026\/09\/zdje\u0328cie-2-2-768x1024.jpg\" srcset=\"https:\/\/vii-lo.krakow.pl\/wp-content\/uploads\/2026\/09\/zdje\u0328cie-2-2-768x1024.jpg 768w, https:\/\/vii-lo.krakow.pl\/wp-content\/uploads\/2026\/09\/zdje\u0328cie-2-2-225x300.jpg 225w, https:\/\/vii-lo.krakow.pl\/wp-content\/uploads\/2026\/09\/zdje\u0328cie-2-2-1152x1536.jpg 1152w, https:\/\/vii-lo.krakow.pl\/wp-content\/uploads\/2026\/09\/zdje\u0328cie-2-2-1536x2048.jpg 1536w, https:\/\/vii-lo.krakow.pl\/wp-content\/uploads\/2026\/09\/zdje\u0328cie-2-2-scaled.jpg 1920w\" sizes=\"(max-width: 768px) 100vw, 768px\" \/><\/figure><\/li><li class=\"wp-block-jetpack-slideshow_slide swiper-slide\"><figure><img loading=\"lazy\" width=\"768\" height=\"1024\" alt=\"\" class=\"wp-block-jetpack-slideshow_image wp-image-7188\" data-id=\"7188\" src=\"https:\/\/vii-lo.krakow.pl\/wp-content\/uploads\/2026\/09\/zdje\u0328cie-3-2-768x1024.jpg\" srcset=\"https:\/\/vii-lo.krakow.pl\/wp-content\/uploads\/2026\/09\/zdje\u0328cie-3-2-768x1024.jpg 768w, https:\/\/vii-lo.krakow.pl\/wp-content\/uploads\/2026\/09\/zdje\u0328cie-3-2-225x300.jpg 225w, https:\/\/vii-lo.krakow.pl\/wp-content\/uploads\/2026\/09\/zdje\u0328cie-3-2-1152x1536.jpg 1152w, https:\/\/vii-lo.krakow.pl\/wp-content\/uploads\/2026\/09\/zdje\u0328cie-3-2-1536x2048.jpg 1536w, https:\/\/vii-lo.krakow.pl\/wp-content\/uploads\/2026\/09\/zdje\u0328cie-3-2-scaled.jpg 1920w\" sizes=\"(max-width: 768px) 100vw, 768px\" \/><\/figure><\/li><\/ul><a class=\"wp-block-jetpack-slideshow_button-prev swiper-button-prev swiper-button-white\" role=\"button\"><\/a><a class=\"wp-block-jetpack-slideshow_button-next swiper-button-next swiper-button-white\" role=\"button\"><\/a><a aria-label=\"Pause Slideshow\" class=\"wp-block-jetpack-slideshow_button-pause\" role=\"button\"><\/a><div class=\"wp-block-jetpack-slideshow_pagination swiper-pagination swiper-pagination-white\"><\/div><\/div><\/div>\r\n<\/div>\r\n\r\n\r\n\r\n<div class=\"wp-block-column\" style=\"flex-basis:66.66%\">\r\n<p>Tu\u017c&nbsp;przed matur\u0105 uczniowie klasy 4e \u2013 <strong>Daria \u017buk i Marek Becla<\/strong>&nbsp;\u2013 wzi\u0119li udzia\u0142 w finale etapu centralnego <strong>XIII Og\u00f3lnopolskiej Olimpiady Wiedzy o Unii Europejskiej<\/strong>, kt\u00f3ry odby\u0142 si\u0119 na Wydziale Prawa Uniwersytetu w Bia\u0142ymstoku. Nasi reprezentanci spisali si\u0119 znakomicie, zdobywaj\u0105c <strong>tytu\u0142y Finalist\u00f3w.<\/strong>Warto tutaj przypomnie\u0107 o sukcesie Anny Wadowskiej, tak\u017ce z klasy 4e, kt\u00f3ra nieco wcze\u015bniej podczas fina\u0142u etapu centralnego <strong>XI Og\u00f3lnopolskiej Olimpiady Wiedzy o Spo\u0142ecze\u0144stwie<\/strong>, zorganizowanego tak\u017ce na Uniwersytecie w Bia\u0142ymstoku, zdoby\u0142a <strong>tytu\u0142 Finalistki<\/strong>. Tym samym powt\u00f3rzy\u0142a sw\u00f3j sukces z poprzedniego roku szkolnego.<br><br>Tytu\u0142y finalist\u00f3w i laureat\u00f3w obu olimpiad daj\u0105 &#8222;indeksy&#8221; czyli zwolnienia z procesu rekrutacji na wiele publicznych uczelni w Polsce, zw\u0142aszcza na kierunki spo\u0142eczne, prawnicze i europeistyczne.<br><br>Dodatkowo, podczas gali fina\u0142owej w Bia\u0142ymstoku, nasze liceum otrzyma\u0142o wa\u017cne wyr\u00f3\u017cnienie: <strong>tytu\u0142 Br\u0105zowej Europejskiej Szko\u0142y Praworz\u0105dno\u015bci RP <\/strong>nadany przez Wysok\u0105 Kapitu\u0142\u0119 XV Og\u00f3lnopolskiego Rankingu Olimpijskiego Europejskich Szk\u00f3\u0142 Praworz\u0105dno\u015bci RP &#8211; czyli zestawienia wynik\u00f3w szk\u00f3\u0142 ponadpodstawowych w spo\u0142eczno\u2013prawnych olimpiadach przedmiotowych, tematycznych oraz interdyscyplinarnych organizowanych w Polsce. Wyr\u00f3\u017cnienie to potwierdza, \u017ce Si\u00f3demka jest w gronie plac\u00f3wek, w kt\u00f3rych edukacja spo\u0142eczna, europejska, prawna, z dziedziny praw cz\u0142owieka i historyczna stoi na bardzo wysokim poziomie.<br><br>Podczas fina\u0142owych zmaga\u0144 olimpijczykom towarzyszy\u0142 i wspiera\u0142 ich prof. Grzegorz Tobo\u0142a.<br><br>Wielkie gratulacje!<\/p>\r\n<\/div>\r\n<\/div>\r\n","protected":false},"excerpt":{"rendered":"<p>Tu\u017c&nbsp;przed matur\u0105 uczniowie klasy 4e \u2013 Daria \u017buk i Marek Becla&nbsp;\u2013 wzi\u0119li udzia\u0142 w finale etapu centralnego XIII Og\u00f3lnopolskiej Olimpiady Wiedzy o Unii Europejskiej, kt\u00f3ry&hellip;<\/p>\n","protected":false},"author":10,"featured_media":0,"comment_status":"closed","ping_status":"closed","sticky":false,"template":"","format":"standard","meta":{"spay_email":""},"categories":[4],"tags":[],"jetpack_featured_media_url":"","_links":{"self":[{"href":"https:\/\/vii-lo.krakow.pl\/index.php?rest_route=\/wp\/v2\/posts\/7185"}],"collection":[{"href":"https:\/\/vii-lo.krakow.pl\/index.php?rest_route=\/wp\/v2\/posts"}],"about":[{"href":"https:\/\/vii-lo.krakow.pl\/index.php?rest_route=\/wp\/v2\/types\/post"}],"author":[{"embeddable":true,"href":"https:\/\/vii-lo.krakow.pl\/index.php?rest_route=\/wp\/v2\/users\/10"}],"replies":[{"embeddable":true,"href":"https:\/\/vii-lo.krakow.pl\/index.php?rest_route=%2Fwp%2Fv2%2Fcomments&post=7185"}],"version-history":[{"count":5,"href":"https:\/\/vii-lo.krakow.pl\/index.php?rest_route=\/wp\/v2\/posts\/7185\/revisions"}],"predecessor-version":[{"id":7206,"href":"https:\/\/vii-lo.krakow.pl\/index.php?rest_route=\/wp\/v2\/posts\/7185\/revisions\/7206"}],"wp:attachment":[{"href":"https:\/\/vii-lo.krakow.pl\/index.php?rest_route=%2Fwp%2Fv2%2Fmedia&parent=7185"}],"wp:term":[{"taxonomy":"category","embeddable":true,"href":"https:\/\/vii-lo.krakow.pl\/index.php?rest_route=%2Fwp%2Fv2%2Fcategories&post=7185"},{"taxonomy":"post_tag","embeddable":true,"href":"https:\/\/vii-lo.krakow.pl\/index.php?rest_route=%2Fwp%2Fv2%2Ftags&post=7185"}],"curies":[{"name":"wp","href":"https:\/\/api.w.org\/{rel}","templated":true}]}}