{"id":7192,"date":"2026-06-22T10:44:00","date_gmt":"2026-06-22T08:44:00","guid":{"rendered":"https:\/\/vii-lo.krakow.pl\/?p=7192"},"modified":"2026-09-02T10:46:14","modified_gmt":"2026-09-02T08:46:14","slug":"maciej-kania-zwyciezca-ogolnopolskiego-konkursu-politechniki-krakowskiej","status":"publish","type":"post","link":"https:\/\/vii-lo.krakow.pl\/?p=7192","title":{"rendered":"Maciej Kania zwyci\u0119zc\u0105 og\u00f3lnopolskiego konkursu Politechniki Krakowskiej"},"content":{"rendered":"\r\n<div class=\"wp-block-columns\">\r\n<div class=\"wp-block-column\" style=\"flex-basis:33.33%\">\r\n<figure class=\"wp-block-image size-full\"><img loading=\"lazy\" width=\"800\" height=\"445\" src=\"https:\/\/vii-lo.krakow.pl\/wp-content\/uploads\/2026\/09\/kos\u0301ciuszko-1.jpg\" alt=\"\" class=\"wp-image-7199\" srcset=\"https:\/\/vii-lo.krakow.pl\/wp-content\/uploads\/2026\/09\/kos\u0301ciuszko-1.jpg 800w, https:\/\/vii-lo.krakow.pl\/wp-content\/uploads\/2026\/09\/kos\u0301ciuszko-1-300x167.jpg 300w, https:\/\/vii-lo.krakow.pl\/wp-content\/uploads\/2026\/09\/kos\u0301ciuszko-1-768x427.jpg 768w\" sizes=\"(max-width: 800px) 100vw, 800px\" \/><\/figure>\r\n\r\n\r\n\r\n<div class=\"wp-block-jetpack-slideshow aligncenter\" data-autoplay=\"true\" data-delay=\"3\" data-effect=\"slide\"><div class=\"wp-block-jetpack-slideshow_container swiper-container\"><ul class=\"wp-block-jetpack-slideshow_swiper-wrapper swiper-wrapper\"><li class=\"wp-block-jetpack-slideshow_slide swiper-slide\"><figure><img loading=\"lazy\" width=\"682\" height=\"1024\" alt=\"\" class=\"wp-block-jetpack-slideshow_image wp-image-7198\" data-id=\"7198\" src=\"https:\/\/vii-lo.krakow.pl\/wp-content\/uploads\/2026\/09\/kos\u0301ciuszko-2-682x1024.jpg\" srcset=\"https:\/\/vii-lo.krakow.pl\/wp-content\/uploads\/2026\/09\/kos\u0301ciuszko-2-682x1024.jpg 682w, https:\/\/vii-lo.krakow.pl\/wp-content\/uploads\/2026\/09\/kos\u0301ciuszko-2-200x300.jpg 200w, https:\/\/vii-lo.krakow.pl\/wp-content\/uploads\/2026\/09\/kos\u0301ciuszko-2-768x1154.jpg 768w, https:\/\/vii-lo.krakow.pl\/wp-content\/uploads\/2026\/09\/kos\u0301ciuszko-2-1022x1536.jpg 1022w, https:\/\/vii-lo.krakow.pl\/wp-content\/uploads\/2026\/09\/kos\u0301ciuszko-2.jpg 1363w\" sizes=\"(max-width: 682px) 100vw, 682px\" \/><\/figure><\/li><li class=\"wp-block-jetpack-slideshow_slide swiper-slide\"><figure><img loading=\"lazy\" width=\"1024\" height=\"682\" alt=\"\" class=\"wp-block-jetpack-slideshow_image wp-image-7197\" data-id=\"7197\" src=\"https:\/\/vii-lo.krakow.pl\/wp-content\/uploads\/2026\/09\/kos\u0301ciuszko-3-1024x682.jpg\" srcset=\"https:\/\/vii-lo.krakow.pl\/wp-content\/uploads\/2026\/09\/kos\u0301ciuszko-3-1024x682.jpg 1024w, https:\/\/vii-lo.krakow.pl\/wp-content\/uploads\/2026\/09\/kos\u0301ciuszko-3-300x200.jpg 300w, https:\/\/vii-lo.krakow.pl\/wp-content\/uploads\/2026\/09\/kos\u0301ciuszko-3-768x511.jpg 768w, https:\/\/vii-lo.krakow.pl\/wp-content\/uploads\/2026\/09\/kos\u0301ciuszko-3-1536x1022.jpg 1536w, https:\/\/vii-lo.krakow.pl\/wp-content\/uploads\/2026\/09\/kos\u0301ciuszko-3.jpg 2048w\" sizes=\"(max-width: 1024px) 100vw, 1024px\" \/><\/figure><\/li><li class=\"wp-block-jetpack-slideshow_slide swiper-slide\"><figure><img loading=\"lazy\" width=\"682\" height=\"1024\" alt=\"\" class=\"wp-block-jetpack-slideshow_image wp-image-7196\" data-id=\"7196\" src=\"https:\/\/vii-lo.krakow.pl\/wp-content\/uploads\/2026\/09\/kos\u0301ciuszko-4-682x1024.jpg\" srcset=\"https:\/\/vii-lo.krakow.pl\/wp-content\/uploads\/2026\/09\/kos\u0301ciuszko-4-682x1024.jpg 682w, https:\/\/vii-lo.krakow.pl\/wp-content\/uploads\/2026\/09\/kos\u0301ciuszko-4-200x300.jpg 200w, https:\/\/vii-lo.krakow.pl\/wp-content\/uploads\/2026\/09\/kos\u0301ciuszko-4-768x1154.jpg 768w, https:\/\/vii-lo.krakow.pl\/wp-content\/uploads\/2026\/09\/kos\u0301ciuszko-4-1022x1536.jpg 1022w, https:\/\/vii-lo.krakow.pl\/wp-content\/uploads\/2026\/09\/kos\u0301ciuszko-4.jpg 1363w\" sizes=\"(max-width: 682px) 100vw, 682px\" \/><\/figure><\/li><li class=\"wp-block-jetpack-slideshow_slide swiper-slide\"><figure><img loading=\"lazy\" width=\"682\" height=\"1024\" alt=\"\" class=\"wp-block-jetpack-slideshow_image wp-image-7195\" data-id=\"7195\" src=\"https:\/\/vii-lo.krakow.pl\/wp-content\/uploads\/2026\/09\/kos\u0301ciuszko-5-682x1024.jpg\" srcset=\"https:\/\/vii-lo.krakow.pl\/wp-content\/uploads\/2026\/09\/kos\u0301ciuszko-5-682x1024.jpg 682w, https:\/\/vii-lo.krakow.pl\/wp-content\/uploads\/2026\/09\/kos\u0301ciuszko-5-200x300.jpg 200w, https:\/\/vii-lo.krakow.pl\/wp-content\/uploads\/2026\/09\/kos\u0301ciuszko-5-768x1154.jpg 768w, https:\/\/vii-lo.krakow.pl\/wp-content\/uploads\/2026\/09\/kos\u0301ciuszko-5-1022x1536.jpg 1022w, https:\/\/vii-lo.krakow.pl\/wp-content\/uploads\/2026\/09\/kos\u0301ciuszko-5.jpg 1363w\" sizes=\"(max-width: 682px) 100vw, 682px\" \/><\/figure><\/li><li class=\"wp-block-jetpack-slideshow_slide swiper-slide\"><figure><img loading=\"lazy\" width=\"1024\" height=\"682\" alt=\"\" class=\"wp-block-jetpack-slideshow_image wp-image-7194\" data-id=\"7194\" src=\"https:\/\/vii-lo.krakow.pl\/wp-content\/uploads\/2026\/09\/kos\u0301ciuszko-6-1024x682.jpg\" srcset=\"https:\/\/vii-lo.krakow.pl\/wp-content\/uploads\/2026\/09\/kos\u0301ciuszko-6-1024x682.jpg 1024w, https:\/\/vii-lo.krakow.pl\/wp-content\/uploads\/2026\/09\/kos\u0301ciuszko-6-300x200.jpg 300w, https:\/\/vii-lo.krakow.pl\/wp-content\/uploads\/2026\/09\/kos\u0301ciuszko-6-768x511.jpg 768w, https:\/\/vii-lo.krakow.pl\/wp-content\/uploads\/2026\/09\/kos\u0301ciuszko-6-1536x1022.jpg 1536w, https:\/\/vii-lo.krakow.pl\/wp-content\/uploads\/2026\/09\/kos\u0301ciuszko-6.jpg 2048w\" sizes=\"(max-width: 1024px) 100vw, 1024px\" \/><\/figure><\/li><\/ul><a class=\"wp-block-jetpack-slideshow_button-prev swiper-button-prev swiper-button-white\" role=\"button\"><\/a><a class=\"wp-block-jetpack-slideshow_button-next swiper-button-next swiper-button-white\" role=\"button\"><\/a><a aria-label=\"Pause Slideshow\" class=\"wp-block-jetpack-slideshow_button-pause\" role=\"button\"><\/a><div class=\"wp-block-jetpack-slideshow_pagination swiper-pagination swiper-pagination-white\"><\/div><\/div><\/div>\r\n<\/div>\r\n\r\n\r\n\r\n<div class=\"wp-block-column is-vertically-aligned-top\" style=\"flex-basis:66.66%\">\r\n<p>Z rado\u015bci\u0105 informujemy, \u017ce nasz ucze\u0144 z klasy 3c, Maciej Kania, zosta\u0142 bezapelacyjnym zwyci\u0119zc\u0105 XIV edycji og\u00f3lnopolskiego konkursu \u201eTadeusz Ko\u015bciuszko \u2013 in\u017cynier i \u017co\u0142nierz\u201d, organizowanego przez Politechnik\u0119 Krakowsk\u0105.<br><br>Zwyci\u0119zca otrzyma\u0142 nagrod\u0119 pieni\u0119\u017cn\u0105 w wysoko\u015bci 3000 z\u0142, 100 dodatkowych punkt\u00f3w w post\u0119powaniu rekrutacyjnym na wszystkie kierunki studi\u00f3w I stopnia na Politechnice Krakowskiej, a tak\u017ce nagrody ksi\u0105\u017ckowe i gad\u017cety.<br><br>Warto przypomnie\u0107, \u017ce nasze liceum jest najbardziej utytu\u0142owan\u0105 szko\u0142\u0105 w Polsce w historii tego konkursu.Nasi uczniowie a\u017c 11 razy zdobywali tytu\u0142y laureat\u00f3w: czterokrotnie zaj\u0119li pierwsze miejsce, trzykrotnie drugie i czterokrotnie trzecie.<br><br>Opiekunem Ma\u0107ka oraz si\u00f3demkowych \u201eko\u015bciuszkowc\u00f3w\u201d jest prof. Grzegorz Tobo\u0142a.<br>Serdecznie gratulujemy!<\/p>\r\n\r\n\r\n\r\n<div class=\"wp-block-buttons\">\r\n<div class=\"wp-block-button is-style-outline\"><a class=\"wp-block-button__link\" href=\"https:\/\/www.pk.edu.pl\/index.php?option=com_content&amp;view=article&amp;id=6204:zakonczyla-sie-xiv-edycja-konkursu-tadeusz-kosciuszko-inzynier-i-zolnierz-maciej-kania-zdobywca-i-miejsca&amp;catid=49&amp;lang=pl&amp;Itemid=1152\" target=\"_blank\" rel=\"noreferrer noopener\">Informacja o konkursie<\/a><\/div>\r\n<\/div>\r\n<\/div>\r\n<\/div>\r\n\r\n\r\n\r\n<p><\/p>\r\n","protected":false},"excerpt":{"rendered":"<p>Z rado\u015bci\u0105 informujemy, \u017ce nasz ucze\u0144 z klasy 3c, Maciej Kania, zosta\u0142 bezapelacyjnym zwyci\u0119zc\u0105 XIV edycji og\u00f3lnopolskiego konkursu \u201eTadeusz Ko\u015bciuszko \u2013 in\u017cynier i \u017co\u0142nierz\u201d, organizowanego&hellip;<\/p>\n","protected":false},"author":10,"featured_media":0,"comment_status":"closed","ping_status":"closed","sticky":false,"template":"","format":"standard","meta":{"spay_email":""},"categories":[4],"tags":[],"jetpack_featured_media_url":"","_links":{"self":[{"href":"https:\/\/vii-lo.krakow.pl\/index.php?rest_route=\/wp\/v2\/posts\/7192"}],"collection":[{"href":"https:\/\/vii-lo.krakow.pl\/index.php?rest_route=\/wp\/v2\/posts"}],"about":[{"href":"https:\/\/vii-lo.krakow.pl\/index.php?rest_route=\/wp\/v2\/types\/post"}],"author":[{"embeddable":true,"href":"https:\/\/vii-lo.krakow.pl\/index.php?rest_route=\/wp\/v2\/users\/10"}],"replies":[{"embeddable":true,"href":"https:\/\/vii-lo.krakow.pl\/index.php?rest_route=%2Fwp%2Fv2%2Fcomments&post=7192"}],"version-history":[{"count":6,"href":"https:\/\/vii-lo.krakow.pl\/index.php?rest_route=\/wp\/v2\/posts\/7192\/revisions"}],"predecessor-version":[{"id":7204,"href":"https:\/\/vii-lo.krakow.pl\/index.php?rest_route=\/wp\/v2\/posts\/7192\/revisions\/7204"}],"wp:attachment":[{"href":"https:\/\/vii-lo.krakow.pl\/index.php?rest_route=%2Fwp%2Fv2%2Fmedia&parent=7192"}],"wp:term":[{"taxonomy":"category","embeddable":true,"href":"https:\/\/vii-lo.krakow.pl\/index.php?rest_route=%2Fwp%2Fv2%2Fcategories&post=7192"},{"taxonomy":"post_tag","embeddable":true,"href":"https:\/\/vii-lo.krakow.pl\/index.php?rest_route=%2Fwp%2Fv2%2Ftags&post=7192"}],"curies":[{"name":"wp","href":"https:\/\/api.w.org\/{rel}","templated":true}]}}